{"id":4083,"date":"2025-12-08T19:34:50","date_gmt":"2025-12-08T19:34:50","guid":{"rendered":"https:\/\/fideimss.org.mx\/inicio\/?p=4083"},"modified":"2025-12-08T20:19:59","modified_gmt":"2025-12-08T20:19:59","slug":"semana-48-pyj","status":"publish","type":"post","link":"https:\/\/fideimss.org.mx\/inicio\/semana-48-pyj\/","title":{"rendered":"Movimiento y comunidad: Activaci\u00f3n F\u00edsica en la Semana 48 del Programa Parques y Jardines"},"content":{"rendered":"\t\t<div data-elementor-type=\"wp-post\" data-elementor-id=\"4083\" class=\"elementor elementor-4083\" data-elementor-post-type=\"post\">\n\t\t\t\t\t\t<section class=\"ob-is-breaking-bad elementor-section elementor-top-section elementor-element elementor-element-47746cdd elementor-section-boxed elementor-section-height-default elementor-section-height-default\" data-id=\"47746cdd\" data-element_type=\"section\" data-settings=\"{&quot;_ob_bbad_use_it&quot;:&quot;yes&quot;,&quot;_ob_bbad_sssic_use&quot;:&quot;no&quot;,&quot;_ob_glider_is_slider&quot;:&quot;no&quot;}\">\n\t\t\t\t\t\t<div class=\"elementor-container elementor-column-gap-default\">\n\t\t\t\t\t<div class=\"elementor-column elementor-col-100 elementor-top-column elementor-element elementor-element-27b5249b\" data-id=\"27b5249b\" data-element_type=\"column\" data-settings=\"{&quot;_ob_bbad_is_stalker&quot;:&quot;no&quot;,&quot;_ob_teleporter_use&quot;:false,&quot;_ob_column_hoveranimator&quot;:&quot;no&quot;,&quot;_ob_column_has_pseudo&quot;:&quot;no&quot;}\">\n\t\t\t<div class=\"elementor-widget-wrap elementor-element-populated\">\n\t\t\t\t\t\t<div class=\"elementor-element elementor-element-3f855aa2 ob-harakiri-inherit ob-has-background-overlay elementor-widget elementor-widget-text-editor\" data-id=\"3f855aa2\" data-element_type=\"widget\" data-settings=\"{&quot;_ob_use_harakiri&quot;:&quot;yes&quot;,&quot;_ob_harakiri_writing_mode&quot;:&quot;inherit&quot;,&quot;_ob_postman_use&quot;:&quot;no&quot;,&quot;_ob_perspektive_use&quot;:&quot;no&quot;,&quot;_ob_poopart_use&quot;:&quot;yes&quot;,&quot;_ob_shadough_use&quot;:&quot;no&quot;,&quot;_ob_allow_hoveranimator&quot;:&quot;no&quot;,&quot;_ob_widget_stalker_use&quot;:&quot;no&quot;}\" data-widget_type=\"text-editor.default\">\n\t\t\t\t<div class=\"elementor-widget-container\">\n\t\t\t\t\t\t\t\t\t<p data-start=\"1720\" data-end=\"1995\">El Instituto Mexicano del Seguro Social (IMSS) contin\u00faa fortaleciendo la salud, la inclusi\u00f3n y la activaci\u00f3n f\u00edsica en todo el pa\u00eds mediante el <strong data-start=\"1864\" data-end=\"1895\">Programa Parques y Jardines<\/strong>, una iniciativa que cada s\u00e1bado convierte los espacios p\u00fablicos en puntos de encuentro comunitario.<\/p><p data-start=\"1997\" data-end=\"2309\">Durante la <strong data-start=\"2008\" data-end=\"2021\">Semana 48<\/strong>, las actividades se realizaron en los estados de <strong data-start=\"2071\" data-end=\"2164\">Durango, Estado de M\u00e9xico Oriente, Guanajuato, Nayarit, Quer\u00e9taro, Tamaulipas y Zacatecas<\/strong>, donde ni\u00f1as, ni\u00f1os, j\u00f3venes y personas adultas participaron en din\u00e1micas deportivas que fomentan el bienestar f\u00edsico y la convivencia familiar.<\/p><p data-start=\"2311\" data-end=\"2473\">Gracias al compromiso de las y los promotores deportivos del IMSS, estas acciones consolidan h\u00e1bitos saludables y fortalecen la integraci\u00f3n social en cada regi\u00f3n.<\/p><p data-start=\"2475\" data-end=\"2790\">El <strong data-start=\"2478\" data-end=\"2490\">FIDEIMSS<\/strong> reconoce la dedicaci\u00f3n del personal docente del IMSS y destaca la visi\u00f3n del <strong data-start=\"2568\" data-end=\"2589\">Mtro. Zo\u00e9 Robledo<\/strong>, Director General del Instituto, y del <strong data-start=\"2629\" data-end=\"2656\">Mtro. Luis Iv\u00e1n Camacho<\/strong>, Titular de la Unidad de Prestaciones Sociales, quienes impulsan programas que acercan el deporte y la salud a todas las comunidades.<\/p><h3 data-start=\"2792\" data-end=\"2807\">\u00a1Participa!<\/h3><p data-start=\"2808\" data-end=\"2941\">Cada s\u00e1bado, s\u00famate a las actividades del Programa Parques y Jardines y construyamos juntos espacios m\u00e1s activos, sanos y solidarios.<\/p>\t\t\t\t\t\t\t\t<\/div>\n\t\t\t\t<\/div>\n\t\t\t\t\t<\/div>\n\t\t<\/div>\n\t\t\t\t\t<\/div>\n\t\t<\/section>\n\t\t\t\t<section class=\"ob-is-breaking-bad elementor-section elementor-top-section elementor-element elementor-element-6fedf72 elementor-section-boxed elementor-section-height-default elementor-section-height-default\" data-id=\"6fedf72\" data-element_type=\"section\" data-settings=\"{&quot;_ob_bbad_use_it&quot;:&quot;yes&quot;,&quot;_ob_bbad_sssic_use&quot;:&quot;no&quot;,&quot;_ob_glider_is_slider&quot;:&quot;no&quot;}\">\n\t\t\t\t\t\t<div class=\"elementor-container elementor-column-gap-default\">\n\t\t\t\t\t<div class=\"elementor-column elementor-col-100 elementor-top-column elementor-element elementor-element-5642033\" data-id=\"5642033\" data-element_type=\"column\" data-settings=\"{&quot;_ob_bbad_is_stalker&quot;:&quot;no&quot;,&quot;_ob_teleporter_use&quot;:false,&quot;_ob_column_hoveranimator&quot;:&quot;no&quot;,&quot;_ob_column_has_pseudo&quot;:&quot;no&quot;}\">\n\t\t\t<div class=\"elementor-widget-wrap\">\n\t\t\t\t\t\t\t<\/div>\n\t\t<\/div>\n\t\t\t\t\t<\/div>\n\t\t<\/section>\n\t\t\t\t<section class=\"ob-is-breaking-bad elementor-section elementor-top-section elementor-element elementor-element-9b90e5d elementor-section-boxed elementor-section-height-default elementor-section-height-default\" data-id=\"9b90e5d\" data-element_type=\"section\" data-settings=\"{&quot;_ob_bbad_use_it&quot;:&quot;yes&quot;,&quot;_ob_bbad_sssic_use&quot;:&quot;no&quot;,&quot;_ob_glider_is_slider&quot;:&quot;no&quot;}\">\n\t\t\t\t\t\t<div class=\"elementor-container elementor-column-gap-default\">\n\t\t\t\t\t<div class=\"elementor-column elementor-col-100 elementor-top-column elementor-element elementor-element-114891c\" data-id=\"114891c\" data-element_type=\"column\" data-settings=\"{&quot;_ob_bbad_is_stalker&quot;:&quot;no&quot;,&quot;_ob_teleporter_use&quot;:false,&quot;_ob_column_hoveranimator&quot;:&quot;no&quot;,&quot;_ob_column_has_pseudo&quot;:&quot;no&quot;}\">\n\t\t\t<div class=\"elementor-widget-wrap elementor-element-populated\">\n\t\t\t\t\t\t<div class=\"elementor-element elementor-element-8359800 elementor-widget__width-auto bdt-pagination-hide-yes bdt-carousel-style-carousel ob-has-background-overlay elementor-widget elementor-widget-prime-slider-tango\" data-id=\"8359800\" data-element_type=\"widget\" data-settings=\"{&quot;_ob_perspektive_use&quot;:&quot;no&quot;,&quot;_ob_poopart_use&quot;:&quot;yes&quot;,&quot;_ob_shadough_use&quot;:&quot;no&quot;,&quot;_ob_allow_hoveranimator&quot;:&quot;no&quot;,&quot;_ob_widget_stalker_use&quot;:&quot;no&quot;}\" data-widget_type=\"prime-slider-tango.default\">\n\t\t\t\t<div class=\"elementor-widget-container\">\n\t\t\t\t\t\t\t<div class=\"bdt-prime-slider\">\n\t\t<div id=\"bdt-prime-slider-8359800\" class=\"bdt-prime-slider-tango elementor-swiper\" data-settings=\"{&quot;autoplay&quot;:{&quot;delay&quot;:5000},&quot;loop&quot;:true,&quot;speed&quot;:900,&quot;slidesPerView&quot;:1,&quot;slidesPerGroup&quot;:1,&quot;centeredSlides&quot;:true,&quot;effect&quot;:&quot;carousel&quot;,&quot;breakpoints&quot;:{&quot;768&quot;:{&quot;slidesPerView&quot;:2,&quot;spaceBetween&quot;:0,&quot;slidesPerGroup&quot;:1},&quot;1024&quot;:{&quot;slidesPerView&quot;:3,&quot;spaceBetween&quot;:27,&quot;slidesPerGroup&quot;:1}},&quot;navigation&quot;:{&quot;nextEl&quot;:&quot;#bdt-prime-slider-8359800 .bdt-navigation-next&quot;,&quot;prevEl&quot;:&quot;#bdt-prime-slider-8359800 .bdt-navigation-prev&quot;},&quot;pagination&quot;:{&quot;el&quot;:&quot;#bdt-prime-slider-8359800 .swiper-pagination&quot;,&quot;clickable&quot;:&quot;true&quot;},&quot;coverflowEffect&quot;:{&quot;rotate&quot;:0,&quot;stretch&quot;:180,&quot;depth&quot;:100,&quot;modifier&quot;:1,&quot;slideShadows&quot;:true}}\">\n\t\t\t<div class=\"swiper-tango swiper\" role=\"region\" aria-roledescription=\"carousel\" aria-label=\"Tango Slider\" dir=\"ltr\">\n\t\t\t\t<div class=\"swiper-wrapper\">\n\t\t\n            <div class=\"swiper-slide bdt-item\">\n\t\t\t\t<div class=\"bdt-image-wrap\">\n\t\t\t\t\t<img fetchpriority=\"high\" decoding=\"async\" width=\"1280\" height=\"960\" src=\"https:\/\/fideimss.org.mx\/inicio\/wp-content\/uploads\/2025\/12\/durango-1.jpeg\" class=\"bdt-img\" alt=\"DURANGO\" srcset=\"https:\/\/fideimss.org.mx\/inicio\/wp-content\/uploads\/2025\/12\/durango-1.jpeg 1280w, https:\/\/fideimss.org.mx\/inicio\/wp-content\/uploads\/2025\/12\/durango-1-300x225.jpeg 300w, https:\/\/fideimss.org.mx\/inicio\/wp-content\/uploads\/2025\/12\/durango-1-1024x768.jpeg 1024w, https:\/\/fideimss.org.mx\/inicio\/wp-content\/uploads\/2025\/12\/durango-1-768x576.jpeg 768w, https:\/\/fideimss.org.mx\/inicio\/wp-content\/uploads\/2025\/12\/durango-1-200x150.jpeg 200w\" sizes=\"(max-width: 1280px) 100vw, 1280px\" \/>\t\t\t\t<\/div>\n\t\t\t\t<div class=\"bdt-content-wrap\">\n\n\t\t\t\t\t\t\t\t\t\t<div class=\"bdt-subtitle\" data-reveal=\"reveal-active\">\n\t\t\t\t\t\t\tOOAD\t\t\t\t\t\t<\/div>\n\t\t\t\t\t\n\t\t\t\t\t\t\t\t\t\t\t<h1 class=\"bdt-title\" data-reveal=\"reveal-active\">\n\t\t\t\t\t\t\t\t\t\t\t\t\t\t\t<span class=\"frist-word\">DURANGO<\/span> \t\t\t\t\t\t\t\t\t\t\t\t\t\t<\/h1>\n\t\t\t\t\t\t\t\t\t<\/div>\n\t\t\t\t\t\t\t<\/div>\n\n        \n            <div class=\"swiper-slide bdt-item\">\n\t\t\t\t<div class=\"bdt-image-wrap\">\n\t\t\t\t\t<img decoding=\"async\" width=\"1600\" height=\"1200\" src=\"https:\/\/fideimss.org.mx\/inicio\/wp-content\/uploads\/2025\/12\/edo_mex_oriente-1.jpeg\" class=\"bdt-img\" alt=\"EDO. M\u00c9XICO ORIENTE\" srcset=\"https:\/\/fideimss.org.mx\/inicio\/wp-content\/uploads\/2025\/12\/edo_mex_oriente-1.jpeg 1600w, https:\/\/fideimss.org.mx\/inicio\/wp-content\/uploads\/2025\/12\/edo_mex_oriente-1-300x225.jpeg 300w, https:\/\/fideimss.org.mx\/inicio\/wp-content\/uploads\/2025\/12\/edo_mex_oriente-1-1024x768.jpeg 1024w, https:\/\/fideimss.org.mx\/inicio\/wp-content\/uploads\/2025\/12\/edo_mex_oriente-1-768x576.jpeg 768w, https:\/\/fideimss.org.mx\/inicio\/wp-content\/uploads\/2025\/12\/edo_mex_oriente-1-1536x1152.jpeg 1536w, https:\/\/fideimss.org.mx\/inicio\/wp-content\/uploads\/2025\/12\/edo_mex_oriente-1-200x150.jpeg 200w\" sizes=\"(max-width: 1600px) 100vw, 1600px\" \/>\t\t\t\t<\/div>\n\t\t\t\t<div class=\"bdt-content-wrap\">\n\n\t\t\t\t\t\t\t\t\t\t<div class=\"bdt-subtitle\" data-reveal=\"reveal-active\">\n\t\t\t\t\t\t\tOOAD\t\t\t\t\t\t<\/div>\n\t\t\t\t\t\n\t\t\t\t\t\t\t\t\t\t\t<h1 class=\"bdt-title\" data-reveal=\"reveal-active\">\n\t\t\t\t\t\t\t\t\t\t\t\t\t\t\t<span class=\"frist-word\">EDO.<\/span> M\u00c9XICO ORIENTE\t\t\t\t\t\t\t\t\t\t\t\t\t\t<\/h1>\n\t\t\t\t\t\t\t\t\t<\/div>\n\t\t\t\t\t\t\t<\/div>\n\n        \n            <div class=\"swiper-slide bdt-item\">\n\t\t\t\t<div class=\"bdt-image-wrap\">\n\t\t\t\t\t<img decoding=\"async\" width=\"1600\" height=\"900\" src=\"https:\/\/fideimss.org.mx\/inicio\/wp-content\/uploads\/2025\/12\/guanajuato-1.jpeg\" class=\"bdt-img\" alt=\"GUANAJUATO\" srcset=\"https:\/\/fideimss.org.mx\/inicio\/wp-content\/uploads\/2025\/12\/guanajuato-1.jpeg 1600w, https:\/\/fideimss.org.mx\/inicio\/wp-content\/uploads\/2025\/12\/guanajuato-1-300x169.jpeg 300w, https:\/\/fideimss.org.mx\/inicio\/wp-content\/uploads\/2025\/12\/guanajuato-1-1024x576.jpeg 1024w, https:\/\/fideimss.org.mx\/inicio\/wp-content\/uploads\/2025\/12\/guanajuato-1-768x432.jpeg 768w, https:\/\/fideimss.org.mx\/inicio\/wp-content\/uploads\/2025\/12\/guanajuato-1-1536x864.jpeg 1536w, https:\/\/fideimss.org.mx\/inicio\/wp-content\/uploads\/2025\/12\/guanajuato-1-200x113.jpeg 200w\" sizes=\"(max-width: 1600px) 100vw, 1600px\" \/>\t\t\t\t<\/div>\n\t\t\t\t<div class=\"bdt-content-wrap\">\n\n\t\t\t\t\t\t\t\t\t\t<div class=\"bdt-subtitle\" data-reveal=\"reveal-active\">\n\t\t\t\t\t\t\tOOAD\t\t\t\t\t\t<\/div>\n\t\t\t\t\t\n\t\t\t\t\t\t\t\t\t\t\t<h1 class=\"bdt-title\" data-reveal=\"reveal-active\">\n\t\t\t\t\t\t\t\t\t\t\t\t\t\t\t<span class=\"frist-word\">GUANAJUATO<\/span> \t\t\t\t\t\t\t\t\t\t\t\t\t\t<\/h1>\n\t\t\t\t\t\t\t\t\t<\/div>\n\t\t\t\t\t\t\t<\/div>\n\n        \n            <div class=\"swiper-slide bdt-item\">\n\t\t\t\t<div class=\"bdt-image-wrap\">\n\t\t\t\t\t<img loading=\"lazy\" decoding=\"async\" width=\"1600\" height=\"900\" src=\"https:\/\/fideimss.org.mx\/inicio\/wp-content\/uploads\/2025\/12\/nayarit-2.jpeg\" class=\"bdt-img\" alt=\"NAYARIT\" srcset=\"https:\/\/fideimss.org.mx\/inicio\/wp-content\/uploads\/2025\/12\/nayarit-2.jpeg 1600w, https:\/\/fideimss.org.mx\/inicio\/wp-content\/uploads\/2025\/12\/nayarit-2-300x169.jpeg 300w, https:\/\/fideimss.org.mx\/inicio\/wp-content\/uploads\/2025\/12\/nayarit-2-1024x576.jpeg 1024w, https:\/\/fideimss.org.mx\/inicio\/wp-content\/uploads\/2025\/12\/nayarit-2-768x432.jpeg 768w, https:\/\/fideimss.org.mx\/inicio\/wp-content\/uploads\/2025\/12\/nayarit-2-1536x864.jpeg 1536w, https:\/\/fideimss.org.mx\/inicio\/wp-content\/uploads\/2025\/12\/nayarit-2-200x113.jpeg 200w\" sizes=\"(max-width: 1600px) 100vw, 1600px\" \/>\t\t\t\t<\/div>\n\t\t\t\t<div class=\"bdt-content-wrap\">\n\n\t\t\t\t\t\t\t\t\t\t<div class=\"bdt-subtitle\" data-reveal=\"reveal-active\">\n\t\t\t\t\t\t\tOOAD\t\t\t\t\t\t<\/div>\n\t\t\t\t\t\n\t\t\t\t\t\t\t\t\t\t\t<h1 class=\"bdt-title\" data-reveal=\"reveal-active\">\n\t\t\t\t\t\t\t\t\t\t\t\t\t\t\t<span class=\"frist-word\">NAYARIT<\/span> \t\t\t\t\t\t\t\t\t\t\t\t\t\t<\/h1>\n\t\t\t\t\t\t\t\t\t<\/div>\n\t\t\t\t\t\t\t<\/div>\n\n        \n            <div class=\"swiper-slide bdt-item\">\n\t\t\t\t<div class=\"bdt-image-wrap\">\n\t\t\t\t\t<img loading=\"lazy\" decoding=\"async\" width=\"1280\" height=\"960\" src=\"https:\/\/fideimss.org.mx\/inicio\/wp-content\/uploads\/2025\/12\/queretaro-1.jpeg\" class=\"bdt-img\" alt=\"QUER\u00c9TARO\" srcset=\"https:\/\/fideimss.org.mx\/inicio\/wp-content\/uploads\/2025\/12\/queretaro-1.jpeg 1280w, https:\/\/fideimss.org.mx\/inicio\/wp-content\/uploads\/2025\/12\/queretaro-1-300x225.jpeg 300w, https:\/\/fideimss.org.mx\/inicio\/wp-content\/uploads\/2025\/12\/queretaro-1-1024x768.jpeg 1024w, https:\/\/fideimss.org.mx\/inicio\/wp-content\/uploads\/2025\/12\/queretaro-1-768x576.jpeg 768w, https:\/\/fideimss.org.mx\/inicio\/wp-content\/uploads\/2025\/12\/queretaro-1-200x150.jpeg 200w\" sizes=\"(max-width: 1280px) 100vw, 1280px\" \/>\t\t\t\t<\/div>\n\t\t\t\t<div class=\"bdt-content-wrap\">\n\n\t\t\t\t\t\t\t\t\t\t<div class=\"bdt-subtitle\" data-reveal=\"reveal-active\">\n\t\t\t\t\t\t\tOOAD\t\t\t\t\t\t<\/div>\n\t\t\t\t\t\n\t\t\t\t\t\t\t\t\t\t\t<h1 class=\"bdt-title\" data-reveal=\"reveal-active\">\n\t\t\t\t\t\t\t\t\t\t\t\t\t\t\t<span class=\"frist-word\">QUER\u00c9TARO<\/span> \t\t\t\t\t\t\t\t\t\t\t\t\t\t<\/h1>\n\t\t\t\t\t\t\t\t\t<\/div>\n\t\t\t\t\t\t\t<\/div>\n\n        \n            <div class=\"swiper-slide bdt-item\">\n\t\t\t\t<div class=\"bdt-image-wrap\">\n\t\t\t\t\t<img loading=\"lazy\" decoding=\"async\" width=\"1600\" height=\"739\" src=\"https:\/\/fideimss.org.mx\/inicio\/wp-content\/uploads\/2025\/12\/tamaulipas.jpeg\" class=\"bdt-img\" alt=\"TAMAULIPAS\" srcset=\"https:\/\/fideimss.org.mx\/inicio\/wp-content\/uploads\/2025\/12\/tamaulipas.jpeg 1600w, https:\/\/fideimss.org.mx\/inicio\/wp-content\/uploads\/2025\/12\/tamaulipas-300x139.jpeg 300w, https:\/\/fideimss.org.mx\/inicio\/wp-content\/uploads\/2025\/12\/tamaulipas-1024x473.jpeg 1024w, https:\/\/fideimss.org.mx\/inicio\/wp-content\/uploads\/2025\/12\/tamaulipas-768x355.jpeg 768w, https:\/\/fideimss.org.mx\/inicio\/wp-content\/uploads\/2025\/12\/tamaulipas-1536x709.jpeg 1536w, https:\/\/fideimss.org.mx\/inicio\/wp-content\/uploads\/2025\/12\/tamaulipas-200x92.jpeg 200w\" sizes=\"(max-width: 1600px) 100vw, 1600px\" \/>\t\t\t\t<\/div>\n\t\t\t\t<div class=\"bdt-content-wrap\">\n\n\t\t\t\t\t\t\t\t\t\t<div class=\"bdt-subtitle\" data-reveal=\"reveal-active\">\n\t\t\t\t\t\t\tOOAD\t\t\t\t\t\t<\/div>\n\t\t\t\t\t\n\t\t\t\t\t\t\t\t\t\t\t<h1 class=\"bdt-title\" data-reveal=\"reveal-active\">\n\t\t\t\t\t\t\t\t\t\t\t\t\t\t\t<span class=\"frist-word\">TAMAULIPAS<\/span> \t\t\t\t\t\t\t\t\t\t\t\t\t\t<\/h1>\n\t\t\t\t\t\t\t\t\t<\/div>\n\t\t\t\t\t\t\t<\/div>\n\n        \n            <div class=\"swiper-slide bdt-item\">\n\t\t\t\t<div class=\"bdt-image-wrap\">\n\t\t\t\t\t<img loading=\"lazy\" decoding=\"async\" width=\"1600\" height=\"1200\" src=\"https:\/\/fideimss.org.mx\/inicio\/wp-content\/uploads\/2025\/12\/zacatecas.jpeg\" class=\"bdt-img\" alt=\"ZACATECAS\" srcset=\"https:\/\/fideimss.org.mx\/inicio\/wp-content\/uploads\/2025\/12\/zacatecas.jpeg 1600w, https:\/\/fideimss.org.mx\/inicio\/wp-content\/uploads\/2025\/12\/zacatecas-300x225.jpeg 300w, https:\/\/fideimss.org.mx\/inicio\/wp-content\/uploads\/2025\/12\/zacatecas-1024x768.jpeg 1024w, https:\/\/fideimss.org.mx\/inicio\/wp-content\/uploads\/2025\/12\/zacatecas-768x576.jpeg 768w, https:\/\/fideimss.org.mx\/inicio\/wp-content\/uploads\/2025\/12\/zacatecas-1536x1152.jpeg 1536w, https:\/\/fideimss.org.mx\/inicio\/wp-content\/uploads\/2025\/12\/zacatecas-200x150.jpeg 200w\" sizes=\"(max-width: 1600px) 100vw, 1600px\" \/>\t\t\t\t<\/div>\n\t\t\t\t<div class=\"bdt-content-wrap\">\n\n\t\t\t\t\t\t\t\t\t\t<div class=\"bdt-subtitle\" data-reveal=\"reveal-active\">\n\t\t\t\t\t\t\tOOAD\t\t\t\t\t\t<\/div>\n\t\t\t\t\t\n\t\t\t\t\t\t\t\t\t\t\t<h1 class=\"bdt-title\" data-reveal=\"reveal-active\">\n\t\t\t\t\t\t\t\t\t\t\t\t\t\t\t<span class=\"frist-word\">ZACATECAS<\/span> \t\t\t\t\t\t\t\t\t\t\t\t\t\t<\/h1>\n\t\t\t\t\t\t\t\t\t<\/div>\n\t\t\t\t\t\t\t<\/div>\n\n        \t\t\t\t<\/div>\n\t\t\t<\/div>\n\t\t\t\n\t\t\t\t\t\t\t\t\t\n\t\t\t<div class=\"swiper-pagination reveal-muted\"><\/div>\n\t\t\t<!-- <div class=\"swiper-scrollbar\"><\/div> -->\n\t\t\t\n\t\t\t\t\t\t\t\t\n\t\t\t\t\t\t<div class=\"bdt-arrows-center bdt-navigation-arrows bdt-position-z-index reveal-muted\">\n\t\t\t\t<div class=\"bdt-navigation-prev bdt-slidenav\"><i class=\"ps-wi-arrow-left-5\"><\/i><\/div>\n\t\t\t\t<div class=\"bdt-navigation-next bdt-slidenav\"><i class=\"ps-wi-arrow-right-5\"><\/i><\/div>\n\t\t\t<\/div>\n\t\t\t\n\t\t\t\t<\/div>\n\t\t<\/div>\n\n\t\t\t\t\t\t<\/div>\n\t\t\t\t<\/div>\n\t\t\t\t\t<\/div>\n\t\t<\/div>\n\t\t\t\t\t<\/div>\n\t\t<\/section>\n\t\t\t\t<\/div>\n\t\t","protected":false},"excerpt":{"rendered":"<p>El Instituto Mexicano del Seguro Social (IMSS) contin\u00faa fortaleciendo la salud, la inclusi\u00f3n y la activaci\u00f3n f\u00edsica en todo el pa\u00eds mediante el Programa Parques y Jardines, una iniciativa que cada s\u00e1bado convierte los espacios p\u00fablicos en puntos de encuentro comunitario. Durante la Semana 48, las actividades se realizaron en los estados de Durango, Estado [&hellip;]<\/p>\n","protected":false},"author":1,"featured_media":4084,"comment_status":"open","ping_status":"open","sticky":false,"template":"","format":"standard","meta":{"_jetpack_memberships_contains_paid_content":false,"footnotes":""},"categories":[1],"tags":[17,18,14,19,34,21,24,33,32,22],"class_list":["post-4083","post","type-post","status-publish","format-standard","has-post-thumbnail","hentry","category-sin-categoria","tag-actividad","tag-comunidades","tag-deporte","tag-deportivas","tag-familia","tag-imss","tag-inclusivo","tag-jardines","tag-parques","tag-salud"],"jetpack_featured_media_url":"https:\/\/fideimss.org.mx\/inicio\/wp-content\/uploads\/2025\/12\/WhatsApp-Image-2025-12-08-at-09.16.56.jpeg","jetpack_sharing_enabled":true,"_links":{"self":[{"href":"https:\/\/fideimss.org.mx\/inicio\/wp-json\/wp\/v2\/posts\/4083","targetHints":{"allow":["GET"]}}],"collection":[{"href":"https:\/\/fideimss.org.mx\/inicio\/wp-json\/wp\/v2\/posts"}],"about":[{"href":"https:\/\/fideimss.org.mx\/inicio\/wp-json\/wp\/v2\/types\/post"}],"author":[{"embeddable":true,"href":"https:\/\/fideimss.org.mx\/inicio\/wp-json\/wp\/v2\/users\/1"}],"replies":[{"embeddable":true,"href":"https:\/\/fideimss.org.mx\/inicio\/wp-json\/wp\/v2\/comments?post=4083"}],"version-history":[{"count":7,"href":"https:\/\/fideimss.org.mx\/inicio\/wp-json\/wp\/v2\/posts\/4083\/revisions"}],"predecessor-version":[{"id":4099,"href":"https:\/\/fideimss.org.mx\/inicio\/wp-json\/wp\/v2\/posts\/4083\/revisions\/4099"}],"wp:featuredmedia":[{"embeddable":true,"href":"https:\/\/fideimss.org.mx\/inicio\/wp-json\/wp\/v2\/media\/4084"}],"wp:attachment":[{"href":"https:\/\/fideimss.org.mx\/inicio\/wp-json\/wp\/v2\/media?parent=4083"}],"wp:term":[{"taxonomy":"category","embeddable":true,"href":"https:\/\/fideimss.org.mx\/inicio\/wp-json\/wp\/v2\/categories?post=4083"},{"taxonomy":"post_tag","embeddable":true,"href":"https:\/\/fideimss.org.mx\/inicio\/wp-json\/wp\/v2\/tags?post=4083"}],"curies":[{"name":"wp","href":"https:\/\/api.w.org\/{rel}","templated":true}]}}