{"id":3810,"date":"2025-10-01T23:15:16","date_gmt":"2025-10-01T23:15:16","guid":{"rendered":"https:\/\/fideimss.org.mx\/inicio\/?p=3810"},"modified":"2025-10-01T23:29:47","modified_gmt":"2025-10-01T23:29:47","slug":"brilla-martha-fernanda-ortiz-velazquez-en-la-paralimpiada-nacional-conade-2025","status":"publish","type":"post","link":"https:\/\/fideimss.org.mx\/inicio\/brilla-martha-fernanda-ortiz-velazquez-en-la-paralimpiada-nacional-conade-2025\/","title":{"rendered":"Brilla Martha Fernanda Ortiz Vel\u00e1zquez en la Paralimpiada Nacional CONADE 2025"},"content":{"rendered":"\t\t<div data-elementor-type=\"wp-post\" data-elementor-id=\"3810\" class=\"elementor elementor-3810\" data-elementor-post-type=\"post\">\n\t\t\t\t\t\t<section class=\"ob-is-breaking-bad elementor-section elementor-top-section elementor-element elementor-element-47746cdd elementor-section-boxed elementor-section-height-default elementor-section-height-default\" data-id=\"47746cdd\" data-element_type=\"section\" data-settings=\"{&quot;_ob_bbad_use_it&quot;:&quot;yes&quot;,&quot;_ob_bbad_sssic_use&quot;:&quot;no&quot;,&quot;_ob_glider_is_slider&quot;:&quot;no&quot;}\">\n\t\t\t\t\t\t<div class=\"elementor-container elementor-column-gap-default\">\n\t\t\t\t\t<div class=\"elementor-column elementor-col-100 elementor-top-column elementor-element elementor-element-27b5249b\" data-id=\"27b5249b\" data-element_type=\"column\" data-settings=\"{&quot;_ob_bbad_is_stalker&quot;:&quot;no&quot;,&quot;_ob_teleporter_use&quot;:false,&quot;_ob_column_hoveranimator&quot;:&quot;no&quot;,&quot;_ob_column_has_pseudo&quot;:&quot;no&quot;}\">\n\t\t\t<div class=\"elementor-widget-wrap elementor-element-populated\">\n\t\t\t\t\t\t<div class=\"elementor-element elementor-element-3f855aa2 ob-harakiri-inherit ob-has-background-overlay elementor-widget elementor-widget-text-editor\" data-id=\"3f855aa2\" data-element_type=\"widget\" data-settings=\"{&quot;_ob_use_harakiri&quot;:&quot;yes&quot;,&quot;_ob_harakiri_writing_mode&quot;:&quot;inherit&quot;,&quot;_ob_postman_use&quot;:&quot;no&quot;,&quot;_ob_perspektive_use&quot;:&quot;no&quot;,&quot;_ob_poopart_use&quot;:&quot;yes&quot;,&quot;_ob_shadough_use&quot;:&quot;no&quot;,&quot;_ob_allow_hoveranimator&quot;:&quot;no&quot;,&quot;_ob_widget_stalker_use&quot;:&quot;no&quot;}\" data-widget_type=\"text-editor.default\">\n\t\t\t\t<div class=\"elementor-widget-container\">\n\t\t\t\t\t\t\t\t\t<p data-start=\"208\" data-end=\"486\">La <strong data-start=\"211\" data-end=\"248\">Paralimpiada Nacional CONADE 2025<\/strong>, celebrada en Aguascalientes del 21 al 26 de septiembre, fue escenario del destacado desempe\u00f1o de la atleta <strong data-start=\"330\" data-end=\"365\">Martha Fernanda Ortiz Vel\u00e1zquez<\/strong>, representante del <strong data-start=\"385\" data-end=\"423\">Centro de Seguridad Social Morelia<\/strong>, quien cerr\u00f3 su participaci\u00f3n con <strong data-start=\"458\" data-end=\"483\">dos medallas de plata<\/strong>:<\/p><p data-start=\"488\" data-end=\"532\">\ud83c\udfc5 <strong data-start=\"491\" data-end=\"508\">100 mts pecho<\/strong><br data-start=\"508\" data-end=\"511\" \/>\ud83c\udfc5 <strong data-start=\"514\" data-end=\"530\">50 mts pecho<\/strong><\/p><p data-start=\"534\" data-end=\"812\">En la categor\u00eda <strong data-start=\"550\" data-end=\"564\">19-21 a\u00f1os<\/strong>, clasificaci\u00f3n <strong data-start=\"580\" data-end=\"587\">SB9<\/strong>, Martha Fernanda mostr\u00f3 disciplina, constancia y esp\u00edritu competitivo. Su preparaci\u00f3n estuvo respaldada por su entrenador <strong data-start=\"710\" data-end=\"741\">\u00d3scar Neri Rodr\u00edguez Garc\u00eda<\/strong>, quien tambi\u00e9n representa al <strong data-start=\"771\" data-end=\"809\">Centro de Seguridad Social Morelia<\/strong>.<\/p><p data-start=\"814\" data-end=\"1173\">Estos logros reflejan el esfuerzo conjunto y la visi\u00f3n del <strong data-start=\"873\" data-end=\"894\">Mtro. Zo\u00e9 Robledo<\/strong>, Director General del IMSS, as\u00ed como el liderazgo del <strong data-start=\"949\" data-end=\"976\">Mtro. Luis Iv\u00e1n Camacho<\/strong>, Titular de la Unidad de Prestaciones Sociales, quienes impulsan pol\u00edticas que permiten que el deporte llegue a m\u00e1s familias mexicanas y se convierta en un motor de inclusi\u00f3n y bienestar social.<\/p><p data-start=\"1175\" data-end=\"1288\">\u00a1Felicidades, Martha Fernanda y \u00d3scar, por poner en alto el nombre del IMSS y del deporte paral\u00edmpico mexicano!<\/p>\t\t\t\t\t\t\t\t<\/div>\n\t\t\t\t<\/div>\n\t\t\t\t\t<\/div>\n\t\t<\/div>\n\t\t\t\t\t<\/div>\n\t\t<\/section>\n\t\t\t\t<section class=\"ob-is-breaking-bad elementor-section elementor-top-section elementor-element elementor-element-6fedf72 elementor-section-boxed elementor-section-height-default elementor-section-height-default\" data-id=\"6fedf72\" data-element_type=\"section\" data-settings=\"{&quot;_ob_bbad_use_it&quot;:&quot;yes&quot;,&quot;_ob_bbad_sssic_use&quot;:&quot;no&quot;,&quot;_ob_glider_is_slider&quot;:&quot;no&quot;}\">\n\t\t\t\t\t\t<div class=\"elementor-container elementor-column-gap-default\">\n\t\t\t\t\t<div class=\"elementor-column elementor-col-100 elementor-top-column elementor-element elementor-element-5642033\" data-id=\"5642033\" data-element_type=\"column\" data-settings=\"{&quot;_ob_bbad_is_stalker&quot;:&quot;no&quot;,&quot;_ob_teleporter_use&quot;:false,&quot;_ob_column_hoveranimator&quot;:&quot;no&quot;,&quot;_ob_column_has_pseudo&quot;:&quot;no&quot;}\">\n\t\t\t<div class=\"elementor-widget-wrap\">\n\t\t\t\t\t\t\t<\/div>\n\t\t<\/div>\n\t\t\t\t\t<\/div>\n\t\t<\/section>\n\t\t\t\t<section class=\"ob-is-breaking-bad elementor-section elementor-top-section elementor-element elementor-element-9b90e5d elementor-section-boxed elementor-section-height-default elementor-section-height-default\" data-id=\"9b90e5d\" data-element_type=\"section\" data-settings=\"{&quot;_ob_bbad_use_it&quot;:&quot;yes&quot;,&quot;_ob_bbad_sssic_use&quot;:&quot;no&quot;,&quot;_ob_glider_is_slider&quot;:&quot;no&quot;}\">\n\t\t\t\t\t\t<div class=\"elementor-container elementor-column-gap-default\">\n\t\t\t\t\t<div class=\"elementor-column elementor-col-100 elementor-top-column elementor-element elementor-element-114891c\" data-id=\"114891c\" data-element_type=\"column\" data-settings=\"{&quot;_ob_bbad_is_stalker&quot;:&quot;no&quot;,&quot;_ob_teleporter_use&quot;:false,&quot;_ob_column_hoveranimator&quot;:&quot;no&quot;,&quot;_ob_column_has_pseudo&quot;:&quot;no&quot;}\">\n\t\t\t<div class=\"elementor-widget-wrap elementor-element-populated\">\n\t\t\t\t\t\t<div class=\"elementor-element elementor-element-8359800 elementor-widget__width-auto bdt-pagination-hide-yes bdt-carousel-style-carousel ob-has-background-overlay elementor-widget elementor-widget-prime-slider-tango\" data-id=\"8359800\" data-element_type=\"widget\" data-settings=\"{&quot;_ob_perspektive_use&quot;:&quot;no&quot;,&quot;_ob_poopart_use&quot;:&quot;yes&quot;,&quot;_ob_shadough_use&quot;:&quot;no&quot;,&quot;_ob_allow_hoveranimator&quot;:&quot;no&quot;,&quot;_ob_widget_stalker_use&quot;:&quot;no&quot;}\" data-widget_type=\"prime-slider-tango.default\">\n\t\t\t\t<div class=\"elementor-widget-container\">\n\t\t\t\t\t\t\t<div class=\"bdt-prime-slider\">\n\t\t<div id=\"bdt-prime-slider-8359800\" class=\"bdt-prime-slider-tango elementor-swiper\" data-settings=\"{&quot;autoplay&quot;:{&quot;delay&quot;:5000},&quot;loop&quot;:true,&quot;speed&quot;:900,&quot;slidesPerView&quot;:1,&quot;slidesPerGroup&quot;:1,&quot;centeredSlides&quot;:true,&quot;effect&quot;:&quot;carousel&quot;,&quot;breakpoints&quot;:{&quot;768&quot;:{&quot;slidesPerView&quot;:2,&quot;spaceBetween&quot;:0,&quot;slidesPerGroup&quot;:1},&quot;1024&quot;:{&quot;slidesPerView&quot;:3,&quot;spaceBetween&quot;:27,&quot;slidesPerGroup&quot;:1}},&quot;navigation&quot;:{&quot;nextEl&quot;:&quot;#bdt-prime-slider-8359800 .bdt-navigation-next&quot;,&quot;prevEl&quot;:&quot;#bdt-prime-slider-8359800 .bdt-navigation-prev&quot;},&quot;pagination&quot;:{&quot;el&quot;:&quot;#bdt-prime-slider-8359800 .swiper-pagination&quot;,&quot;clickable&quot;:&quot;true&quot;},&quot;coverflowEffect&quot;:{&quot;rotate&quot;:0,&quot;stretch&quot;:180,&quot;depth&quot;:100,&quot;modifier&quot;:1,&quot;slideShadows&quot;:true}}\">\n\t\t\t<div class=\"swiper-tango swiper\" role=\"region\" aria-roledescription=\"carousel\" aria-label=\"Tango Slider\" dir=\"ltr\">\n\t\t\t\t<div class=\"swiper-wrapper\">\n\t\t\n            <div class=\"swiper-slide bdt-item\">\n\t\t\t\t<div class=\"bdt-image-wrap\">\n\t\t\t\t\t<img fetchpriority=\"high\" decoding=\"async\" width=\"1200\" height=\"1600\" src=\"https:\/\/fideimss.org.mx\/inicio\/wp-content\/uploads\/2025\/10\/WhatsApp-Image-2025-09-29-at-14.12.40.jpeg\" class=\"bdt-img\" alt=\"MORELIA\" srcset=\"https:\/\/fideimss.org.mx\/inicio\/wp-content\/uploads\/2025\/10\/WhatsApp-Image-2025-09-29-at-14.12.40.jpeg 1200w, https:\/\/fideimss.org.mx\/inicio\/wp-content\/uploads\/2025\/10\/WhatsApp-Image-2025-09-29-at-14.12.40-225x300.jpeg 225w, https:\/\/fideimss.org.mx\/inicio\/wp-content\/uploads\/2025\/10\/WhatsApp-Image-2025-09-29-at-14.12.40-768x1024.jpeg 768w, https:\/\/fideimss.org.mx\/inicio\/wp-content\/uploads\/2025\/10\/WhatsApp-Image-2025-09-29-at-14.12.40-1152x1536.jpeg 1152w, https:\/\/fideimss.org.mx\/inicio\/wp-content\/uploads\/2025\/10\/WhatsApp-Image-2025-09-29-at-14.12.40-200x267.jpeg 200w\" sizes=\"(max-width: 1200px) 100vw, 1200px\" \/>\t\t\t\t<\/div>\n\t\t\t\t<div class=\"bdt-content-wrap\">\n\n\t\t\t\t\t\t\t\t\t\t<div class=\"bdt-subtitle\" data-reveal=\"reveal-active\">\n\t\t\t\t\t\t\tUNIDAD DEPORTIVA\t\t\t\t\t\t<\/div>\n\t\t\t\t\t\n\t\t\t\t\t\t\t\t\t\t\t<h1 class=\"bdt-title\" data-reveal=\"reveal-active\">\n\t\t\t\t\t\t\t\t\t\t\t\t\t\t\t<span class=\"frist-word\">MORELIA<\/span> \t\t\t\t\t\t\t\t\t\t\t\t\t\t<\/h1>\n\t\t\t\t\t\t\t\t\t<\/div>\n\t\t\t\t\t\t\t<\/div>\n\n        \n            <div class=\"swiper-slide bdt-item\">\n\t\t\t\t<div class=\"bdt-image-wrap\">\n\t\t\t\t\t<img decoding=\"async\" width=\"1200\" height=\"1600\" src=\"https:\/\/fideimss.org.mx\/inicio\/wp-content\/uploads\/2025\/10\/WhatsApp-Image-2025-09-29-at-14.12.40-2.jpeg\" class=\"bdt-img\" alt=\"MORELIA\" srcset=\"https:\/\/fideimss.org.mx\/inicio\/wp-content\/uploads\/2025\/10\/WhatsApp-Image-2025-09-29-at-14.12.40-2.jpeg 1200w, https:\/\/fideimss.org.mx\/inicio\/wp-content\/uploads\/2025\/10\/WhatsApp-Image-2025-09-29-at-14.12.40-2-225x300.jpeg 225w, https:\/\/fideimss.org.mx\/inicio\/wp-content\/uploads\/2025\/10\/WhatsApp-Image-2025-09-29-at-14.12.40-2-768x1024.jpeg 768w, https:\/\/fideimss.org.mx\/inicio\/wp-content\/uploads\/2025\/10\/WhatsApp-Image-2025-09-29-at-14.12.40-2-1152x1536.jpeg 1152w, https:\/\/fideimss.org.mx\/inicio\/wp-content\/uploads\/2025\/10\/WhatsApp-Image-2025-09-29-at-14.12.40-2-200x267.jpeg 200w\" sizes=\"(max-width: 1200px) 100vw, 1200px\" \/>\t\t\t\t<\/div>\n\t\t\t\t<div class=\"bdt-content-wrap\">\n\n\t\t\t\t\t\t\t\t\t\t<div class=\"bdt-subtitle\" data-reveal=\"reveal-active\">\n\t\t\t\t\t\t\tUNIDAD DEPORTIVA\t\t\t\t\t\t<\/div>\n\t\t\t\t\t\n\t\t\t\t\t\t\t\t\t\t\t<h1 class=\"bdt-title\" data-reveal=\"reveal-active\">\n\t\t\t\t\t\t\t\t\t\t\t\t\t\t\t<span class=\"frist-word\">MORELIA<\/span> \t\t\t\t\t\t\t\t\t\t\t\t\t\t<\/h1>\n\t\t\t\t\t\t\t\t\t<\/div>\n\t\t\t\t\t\t\t<\/div>\n\n        \n            <div class=\"swiper-slide bdt-item\">\n\t\t\t\t<div class=\"bdt-image-wrap\">\n\t\t\t\t\t<img decoding=\"async\" width=\"1200\" height=\"1600\" src=\"https:\/\/fideimss.org.mx\/inicio\/wp-content\/uploads\/2025\/10\/WhatsApp-Image-2025-09-29-at-14.12.40-1.jpeg\" class=\"bdt-img\" alt=\"MORELIA\" srcset=\"https:\/\/fideimss.org.mx\/inicio\/wp-content\/uploads\/2025\/10\/WhatsApp-Image-2025-09-29-at-14.12.40-1.jpeg 1200w, https:\/\/fideimss.org.mx\/inicio\/wp-content\/uploads\/2025\/10\/WhatsApp-Image-2025-09-29-at-14.12.40-1-225x300.jpeg 225w, https:\/\/fideimss.org.mx\/inicio\/wp-content\/uploads\/2025\/10\/WhatsApp-Image-2025-09-29-at-14.12.40-1-768x1024.jpeg 768w, https:\/\/fideimss.org.mx\/inicio\/wp-content\/uploads\/2025\/10\/WhatsApp-Image-2025-09-29-at-14.12.40-1-1152x1536.jpeg 1152w, https:\/\/fideimss.org.mx\/inicio\/wp-content\/uploads\/2025\/10\/WhatsApp-Image-2025-09-29-at-14.12.40-1-200x267.jpeg 200w\" sizes=\"(max-width: 1200px) 100vw, 1200px\" \/>\t\t\t\t<\/div>\n\t\t\t\t<div class=\"bdt-content-wrap\">\n\n\t\t\t\t\t\t\t\t\t\t<div class=\"bdt-subtitle\" data-reveal=\"reveal-active\">\n\t\t\t\t\t\t\tUNIDAD DEPORTIVA\t\t\t\t\t\t<\/div>\n\t\t\t\t\t\n\t\t\t\t\t\t\t\t\t\t\t<h1 class=\"bdt-title\" data-reveal=\"reveal-active\">\n\t\t\t\t\t\t\t\t\t\t\t\t\t\t\t<span class=\"frist-word\">MORELIA<\/span> \t\t\t\t\t\t\t\t\t\t\t\t\t\t<\/h1>\n\t\t\t\t\t\t\t\t\t<\/div>\n\t\t\t\t\t\t\t<\/div>\n\n        \t\t\t\t<\/div>\n\t\t\t<\/div>\n\t\t\t\n\t\t\t\t\t\t\t\t\t\n\t\t\t<div class=\"swiper-pagination reveal-muted\"><\/div>\n\t\t\t<!-- <div class=\"swiper-scrollbar\"><\/div> -->\n\t\t\t\n\t\t\t\t\t\t\t\t\n\t\t\t\t\t\t<div class=\"bdt-arrows-center bdt-navigation-arrows bdt-position-z-index reveal-muted\">\n\t\t\t\t<div class=\"bdt-navigation-prev bdt-slidenav\"><i class=\"ps-wi-arrow-left-5\"><\/i><\/div>\n\t\t\t\t<div class=\"bdt-navigation-next bdt-slidenav\"><i class=\"ps-wi-arrow-right-5\"><\/i><\/div>\n\t\t\t<\/div>\n\t\t\t\n\t\t\t\t<\/div>\n\t\t<\/div>\n\n\t\t\t\t\t\t<\/div>\n\t\t\t\t<\/div>\n\t\t\t\t\t<\/div>\n\t\t<\/div>\n\t\t\t\t\t<\/div>\n\t\t<\/section>\n\t\t\t\t<\/div>\n\t\t","protected":false},"excerpt":{"rendered":"<p>La Paralimpiada Nacional CONADE 2025, celebrada en Aguascalientes del 21 al 26 de septiembre, fue escenario del destacado desempe\u00f1o de la atleta Martha Fernanda Ortiz Vel\u00e1zquez, representante del Centro de Seguridad Social Morelia, quien cerr\u00f3 su participaci\u00f3n con dos medallas de plata: ? 100 mts pecho? 50 mts pecho En la categor\u00eda 19-21 a\u00f1os, clasificaci\u00f3n [&hellip;]<\/p>\n","protected":false},"author":1,"featured_media":3815,"comment_status":"open","ping_status":"open","sticky":false,"template":"","format":"standard","meta":{"_jetpack_memberships_contains_paid_content":false,"footnotes":""},"categories":[1],"tags":[17,18,14,19,34,21,24,33,32,22],"class_list":["post-3810","post","type-post","status-publish","format-standard","has-post-thumbnail","hentry","category-sin-categoria","tag-actividad","tag-comunidades","tag-deporte","tag-deportivas","tag-familia","tag-imss","tag-inclusivo","tag-jardines","tag-parques","tag-salud"],"jetpack_featured_media_url":"https:\/\/fideimss.org.mx\/inicio\/wp-content\/uploads\/2025\/10\/portada.jpg","jetpack_sharing_enabled":true,"_links":{"self":[{"href":"https:\/\/fideimss.org.mx\/inicio\/wp-json\/wp\/v2\/posts\/3810","targetHints":{"allow":["GET"]}}],"collection":[{"href":"https:\/\/fideimss.org.mx\/inicio\/wp-json\/wp\/v2\/posts"}],"about":[{"href":"https:\/\/fideimss.org.mx\/inicio\/wp-json\/wp\/v2\/types\/post"}],"author":[{"embeddable":true,"href":"https:\/\/fideimss.org.mx\/inicio\/wp-json\/wp\/v2\/users\/1"}],"replies":[{"embeddable":true,"href":"https:\/\/fideimss.org.mx\/inicio\/wp-json\/wp\/v2\/comments?post=3810"}],"version-history":[{"count":7,"href":"https:\/\/fideimss.org.mx\/inicio\/wp-json\/wp\/v2\/posts\/3810\/revisions"}],"predecessor-version":[{"id":3821,"href":"https:\/\/fideimss.org.mx\/inicio\/wp-json\/wp\/v2\/posts\/3810\/revisions\/3821"}],"wp:featuredmedia":[{"embeddable":true,"href":"https:\/\/fideimss.org.mx\/inicio\/wp-json\/wp\/v2\/media\/3815"}],"wp:attachment":[{"href":"https:\/\/fideimss.org.mx\/inicio\/wp-json\/wp\/v2\/media?parent=3810"}],"wp:term":[{"taxonomy":"category","embeddable":true,"href":"https:\/\/fideimss.org.mx\/inicio\/wp-json\/wp\/v2\/categories?post=3810"},{"taxonomy":"post_tag","embeddable":true,"href":"https:\/\/fideimss.org.mx\/inicio\/wp-json\/wp\/v2\/tags?post=3810"}],"curies":[{"name":"wp","href":"https:\/\/api.w.org\/{rel}","templated":true}]}}