{"id":3779,"date":"2025-09-29T23:11:31","date_gmt":"2025-09-29T23:11:31","guid":{"rendered":"https:\/\/fideimss.org.mx\/inicio\/?p=3779"},"modified":"2025-09-29T23:26:40","modified_gmt":"2025-09-29T23:26:40","slug":"johan-axel-hernandez-conquista-su-segunda-medalla-en-la-paralimpiada-nacional-conade-2025","status":"publish","type":"post","link":"https:\/\/fideimss.org.mx\/inicio\/johan-axel-hernandez-conquista-su-segunda-medalla-en-la-paralimpiada-nacional-conade-2025\/","title":{"rendered":"Johan Axel Hern\u00e1ndez conquista su segunda medalla en la Paralimpiada Nacional CONADE 2025"},"content":{"rendered":"\t\t<div data-elementor-type=\"wp-post\" data-elementor-id=\"3779\" class=\"elementor elementor-3779\" data-elementor-post-type=\"post\">\n\t\t\t\t\t\t<section class=\"ob-is-breaking-bad elementor-section elementor-top-section elementor-element elementor-element-47746cdd elementor-section-boxed elementor-section-height-default elementor-section-height-default\" data-id=\"47746cdd\" data-element_type=\"section\" data-settings=\"{&quot;_ob_bbad_use_it&quot;:&quot;yes&quot;,&quot;_ob_bbad_sssic_use&quot;:&quot;no&quot;,&quot;_ob_glider_is_slider&quot;:&quot;no&quot;}\">\n\t\t\t\t\t\t<div class=\"elementor-container elementor-column-gap-default\">\n\t\t\t\t\t<div class=\"elementor-column elementor-col-100 elementor-top-column elementor-element elementor-element-27b5249b\" data-id=\"27b5249b\" data-element_type=\"column\" data-settings=\"{&quot;_ob_bbad_is_stalker&quot;:&quot;no&quot;,&quot;_ob_teleporter_use&quot;:false,&quot;_ob_column_hoveranimator&quot;:&quot;no&quot;,&quot;_ob_column_has_pseudo&quot;:&quot;no&quot;}\">\n\t\t\t<div class=\"elementor-widget-wrap elementor-element-populated\">\n\t\t\t\t\t\t<div class=\"elementor-element elementor-element-3f855aa2 ob-harakiri-inherit ob-has-background-overlay elementor-widget elementor-widget-text-editor\" data-id=\"3f855aa2\" data-element_type=\"widget\" data-settings=\"{&quot;_ob_use_harakiri&quot;:&quot;yes&quot;,&quot;_ob_harakiri_writing_mode&quot;:&quot;inherit&quot;,&quot;_ob_postman_use&quot;:&quot;no&quot;,&quot;_ob_perspektive_use&quot;:&quot;no&quot;,&quot;_ob_poopart_use&quot;:&quot;yes&quot;,&quot;_ob_shadough_use&quot;:&quot;no&quot;,&quot;_ob_allow_hoveranimator&quot;:&quot;no&quot;,&quot;_ob_widget_stalker_use&quot;:&quot;no&quot;}\" data-widget_type=\"text-editor.default\">\n\t\t\t\t<div class=\"elementor-widget-container\">\n\t\t\t\t\t\t\t\t\t<p data-start=\"284\" data-end=\"529\">El <strong data-start=\"287\" data-end=\"299\">FIDEIMSS<\/strong> celebra con enorme orgullo a <strong data-start=\"329\" data-end=\"361\">Johan Axel Hern\u00e1ndez Aguilar<\/strong>, quien obtuvo la <strong data-start=\"379\" data-end=\"448\">medalla de bronce en la prueba de 50 mts mariposa (categor\u00eda S-8)<\/strong> durante la <strong data-start=\"460\" data-end=\"497\">Paralimpiada Nacional CONADE 2025<\/strong>, realizada en Aguascalientes.<\/p><p data-start=\"531\" data-end=\"890\">Este logro representa la <strong data-start=\"556\" data-end=\"605\">segunda medalla de Johan en la justa nacional<\/strong>, reafirmando su talento, disciplina y la fuerza de su esp\u00edritu competitivo. Bajo la gu\u00eda del entrenador <strong data-start=\"710\" data-end=\"735\">Vicente Vargas Tinoco<\/strong>, de la <strong data-start=\"743\" data-end=\"791\">Unidad Deportiva Morelos Zona Norte del IMSS<\/strong>, Johan vuelve a demostrar que con esfuerzo y dedicaci\u00f3n los sue\u00f1os se transforman en resultados.<\/p><p data-start=\"892\" data-end=\"1085\">Desde el FIDEIMSS enviamos un mensaje conmovedor de felicitaci\u00f3n y reconocimiento a Johan y a su entrenador: \u00a1su ejemplo inspira a sus compa\u00f1eros y llena de orgullo a toda la familia IMSS!<\/p><p data-start=\"1087\" data-end=\"1295\">Invitamos a la sociedad a sumarse a la <strong data-start=\"1126\" data-end=\"1157\">gran familia deportiva IMSS<\/strong>, un espacio donde ni\u00f1as, ni\u00f1os, j\u00f3venes y adultos encuentran en el deporte salud, inclusi\u00f3n y oportunidades para superarse d\u00eda con d\u00eda.<\/p><p data-start=\"1297\" data-end=\"1628\">El <strong data-start=\"1300\" data-end=\"1308\">IMSS<\/strong>, bajo la visi\u00f3n y compromiso del Mtro. <strong data-start=\"1348\" data-end=\"1363\">Zo\u00e9 Robledo<\/strong>, Director General, y el liderazgo del Mtro. <strong data-start=\"1408\" data-end=\"1429\">Luis Iv\u00e1n Camacho<\/strong>, Titular de la Unidad de Prestaciones Sociales, impulsa programas y acciones para que m\u00e1s familias mexicanas vivan los beneficios del deporte y formen parte de esta comunidad que transforma vidas.<\/p><p data-start=\"1630\" data-end=\"1706\">\u00a1Felicidades, Johan! Tus medallas brillan y son inspiraci\u00f3n para todos.<\/p>\t\t\t\t\t\t\t\t<\/div>\n\t\t\t\t<\/div>\n\t\t\t\t\t<\/div>\n\t\t<\/div>\n\t\t\t\t\t<\/div>\n\t\t<\/section>\n\t\t\t\t<section class=\"ob-is-breaking-bad elementor-section elementor-top-section elementor-element elementor-element-6fedf72 elementor-section-boxed elementor-section-height-default elementor-section-height-default\" data-id=\"6fedf72\" data-element_type=\"section\" data-settings=\"{&quot;_ob_bbad_use_it&quot;:&quot;yes&quot;,&quot;_ob_bbad_sssic_use&quot;:&quot;no&quot;,&quot;_ob_glider_is_slider&quot;:&quot;no&quot;}\">\n\t\t\t\t\t\t<div class=\"elementor-container elementor-column-gap-default\">\n\t\t\t\t\t<div class=\"elementor-column elementor-col-100 elementor-top-column elementor-element elementor-element-5642033\" data-id=\"5642033\" data-element_type=\"column\" data-settings=\"{&quot;_ob_bbad_is_stalker&quot;:&quot;no&quot;,&quot;_ob_teleporter_use&quot;:false,&quot;_ob_column_hoveranimator&quot;:&quot;no&quot;,&quot;_ob_column_has_pseudo&quot;:&quot;no&quot;}\">\n\t\t\t<div class=\"elementor-widget-wrap\">\n\t\t\t\t\t\t\t<\/div>\n\t\t<\/div>\n\t\t\t\t\t<\/div>\n\t\t<\/section>\n\t\t\t\t<section class=\"ob-is-breaking-bad elementor-section elementor-top-section elementor-element elementor-element-9b90e5d elementor-section-boxed elementor-section-height-default elementor-section-height-default\" data-id=\"9b90e5d\" data-element_type=\"section\" data-settings=\"{&quot;_ob_bbad_use_it&quot;:&quot;yes&quot;,&quot;_ob_bbad_sssic_use&quot;:&quot;no&quot;,&quot;_ob_glider_is_slider&quot;:&quot;no&quot;}\">\n\t\t\t\t\t\t<div class=\"elementor-container elementor-column-gap-default\">\n\t\t\t\t\t<div class=\"elementor-column elementor-col-100 elementor-top-column elementor-element elementor-element-114891c\" data-id=\"114891c\" data-element_type=\"column\" data-settings=\"{&quot;_ob_bbad_is_stalker&quot;:&quot;no&quot;,&quot;_ob_teleporter_use&quot;:false,&quot;_ob_column_hoveranimator&quot;:&quot;no&quot;,&quot;_ob_column_has_pseudo&quot;:&quot;no&quot;}\">\n\t\t\t<div class=\"elementor-widget-wrap elementor-element-populated\">\n\t\t\t\t\t\t<div class=\"elementor-element elementor-element-8359800 elementor-widget__width-auto bdt-pagination-hide-yes bdt-carousel-style-carousel ob-has-background-overlay elementor-widget elementor-widget-prime-slider-tango\" data-id=\"8359800\" data-element_type=\"widget\" data-settings=\"{&quot;_ob_perspektive_use&quot;:&quot;no&quot;,&quot;_ob_poopart_use&quot;:&quot;yes&quot;,&quot;_ob_shadough_use&quot;:&quot;no&quot;,&quot;_ob_allow_hoveranimator&quot;:&quot;no&quot;,&quot;_ob_widget_stalker_use&quot;:&quot;no&quot;}\" data-widget_type=\"prime-slider-tango.default\">\n\t\t\t\t<div class=\"elementor-widget-container\">\n\t\t\t\t\t\t\t<div class=\"bdt-prime-slider\">\n\t\t<div id=\"bdt-prime-slider-8359800\" class=\"bdt-prime-slider-tango elementor-swiper\" data-settings=\"{&quot;autoplay&quot;:{&quot;delay&quot;:5000},&quot;loop&quot;:true,&quot;speed&quot;:900,&quot;slidesPerView&quot;:1,&quot;slidesPerGroup&quot;:1,&quot;centeredSlides&quot;:true,&quot;effect&quot;:&quot;carousel&quot;,&quot;breakpoints&quot;:{&quot;768&quot;:{&quot;slidesPerView&quot;:2,&quot;spaceBetween&quot;:0,&quot;slidesPerGroup&quot;:1},&quot;1024&quot;:{&quot;slidesPerView&quot;:3,&quot;spaceBetween&quot;:27,&quot;slidesPerGroup&quot;:1}},&quot;navigation&quot;:{&quot;nextEl&quot;:&quot;#bdt-prime-slider-8359800 .bdt-navigation-next&quot;,&quot;prevEl&quot;:&quot;#bdt-prime-slider-8359800 .bdt-navigation-prev&quot;},&quot;pagination&quot;:{&quot;el&quot;:&quot;#bdt-prime-slider-8359800 .swiper-pagination&quot;,&quot;clickable&quot;:&quot;true&quot;},&quot;coverflowEffect&quot;:{&quot;rotate&quot;:0,&quot;stretch&quot;:180,&quot;depth&quot;:100,&quot;modifier&quot;:1,&quot;slideShadows&quot;:true}}\">\n\t\t\t<div class=\"swiper-tango swiper\" role=\"region\" aria-roledescription=\"carousel\" aria-label=\"Tango Slider\" dir=\"ltr\">\n\t\t\t\t<div class=\"swiper-wrapper\">\n\t\t\n            <div class=\"swiper-slide bdt-item\">\n\t\t\t\t<div class=\"bdt-image-wrap\">\n\t\t\t\t\t<img fetchpriority=\"high\" decoding=\"async\" width=\"1280\" height=\"963\" src=\"https:\/\/fideimss.org.mx\/inicio\/wp-content\/uploads\/2025\/09\/WhatsApp-Image-2025-09-25-at-08.50.43.jpeg\" class=\"bdt-img\" alt=\"Morelos Zona Norte\" srcset=\"https:\/\/fideimss.org.mx\/inicio\/wp-content\/uploads\/2025\/09\/WhatsApp-Image-2025-09-25-at-08.50.43.jpeg 1280w, https:\/\/fideimss.org.mx\/inicio\/wp-content\/uploads\/2025\/09\/WhatsApp-Image-2025-09-25-at-08.50.43-300x226.jpeg 300w, https:\/\/fideimss.org.mx\/inicio\/wp-content\/uploads\/2025\/09\/WhatsApp-Image-2025-09-25-at-08.50.43-1024x770.jpeg 1024w, https:\/\/fideimss.org.mx\/inicio\/wp-content\/uploads\/2025\/09\/WhatsApp-Image-2025-09-25-at-08.50.43-768x578.jpeg 768w, https:\/\/fideimss.org.mx\/inicio\/wp-content\/uploads\/2025\/09\/WhatsApp-Image-2025-09-25-at-08.50.43-200x150.jpeg 200w\" sizes=\"(max-width: 1280px) 100vw, 1280px\" \/>\t\t\t\t<\/div>\n\t\t\t\t<div class=\"bdt-content-wrap\">\n\n\t\t\t\t\t\t\t\t\t\t<div class=\"bdt-subtitle\" data-reveal=\"reveal-active\">\n\t\t\t\t\t\t\tUnidad Deportiva\t\t\t\t\t\t<\/div>\n\t\t\t\t\t\n\t\t\t\t\t\t\t\t\t\t\t<h1 class=\"bdt-title\" data-reveal=\"reveal-active\">\n\t\t\t\t\t\t\t\t\t\t\t\t\t\t\t<span class=\"frist-word\">Morelos<\/span> Zona Norte\t\t\t\t\t\t\t\t\t\t\t\t\t\t<\/h1>\n\t\t\t\t\t\t\t\t\t<\/div>\n\t\t\t\t\t\t\t<\/div>\n\n        \n            <div class=\"swiper-slide bdt-item\">\n\t\t\t\t<div class=\"bdt-image-wrap\">\n\t\t\t\t\t<img decoding=\"async\" width=\"1600\" height=\"1204\" src=\"https:\/\/fideimss.org.mx\/inicio\/wp-content\/uploads\/2025\/09\/WhatsApp-Image-2025-09-29-at-08.24.08-1.jpeg\" class=\"bdt-img\" alt=\"Morelos Zona Norte\" srcset=\"https:\/\/fideimss.org.mx\/inicio\/wp-content\/uploads\/2025\/09\/WhatsApp-Image-2025-09-29-at-08.24.08-1.jpeg 1600w, https:\/\/fideimss.org.mx\/inicio\/wp-content\/uploads\/2025\/09\/WhatsApp-Image-2025-09-29-at-08.24.08-1-300x226.jpeg 300w, https:\/\/fideimss.org.mx\/inicio\/wp-content\/uploads\/2025\/09\/WhatsApp-Image-2025-09-29-at-08.24.08-1-1024x771.jpeg 1024w, https:\/\/fideimss.org.mx\/inicio\/wp-content\/uploads\/2025\/09\/WhatsApp-Image-2025-09-29-at-08.24.08-1-768x578.jpeg 768w, https:\/\/fideimss.org.mx\/inicio\/wp-content\/uploads\/2025\/09\/WhatsApp-Image-2025-09-29-at-08.24.08-1-1536x1156.jpeg 1536w, https:\/\/fideimss.org.mx\/inicio\/wp-content\/uploads\/2025\/09\/WhatsApp-Image-2025-09-29-at-08.24.08-1-200x151.jpeg 200w\" sizes=\"(max-width: 1600px) 100vw, 1600px\" \/>\t\t\t\t<\/div>\n\t\t\t\t<div class=\"bdt-content-wrap\">\n\n\t\t\t\t\t\t\t\t\t\t<div class=\"bdt-subtitle\" data-reveal=\"reveal-active\">\n\t\t\t\t\t\t\tUnidad Deportiva\t\t\t\t\t\t<\/div>\n\t\t\t\t\t\n\t\t\t\t\t\t\t\t\t\t\t<h1 class=\"bdt-title\" data-reveal=\"reveal-active\">\n\t\t\t\t\t\t\t\t\t\t\t\t\t\t\t<span class=\"frist-word\">Morelos<\/span> Zona Norte\t\t\t\t\t\t\t\t\t\t\t\t\t\t<\/h1>\n\t\t\t\t\t\t\t\t\t<\/div>\n\t\t\t\t\t\t\t<\/div>\n\n        \n            <div class=\"swiper-slide bdt-item\">\n\t\t\t\t<div class=\"bdt-image-wrap\">\n\t\t\t\t\t<img decoding=\"async\" width=\"1151\" height=\"2560\" src=\"https:\/\/fideimss.org.mx\/inicio\/wp-content\/uploads\/2025\/09\/WhatsApp-Image-2025-09-29-at-08.24.08-scaled.jpeg\" class=\"bdt-img\" alt=\"Morelos Zona Norte\" srcset=\"https:\/\/fideimss.org.mx\/inicio\/wp-content\/uploads\/2025\/09\/WhatsApp-Image-2025-09-29-at-08.24.08-scaled.jpeg 1151w, https:\/\/fideimss.org.mx\/inicio\/wp-content\/uploads\/2025\/09\/WhatsApp-Image-2025-09-29-at-08.24.08-135x300.jpeg 135w, https:\/\/fideimss.org.mx\/inicio\/wp-content\/uploads\/2025\/09\/WhatsApp-Image-2025-09-29-at-08.24.08-461x1024.jpeg 461w, https:\/\/fideimss.org.mx\/inicio\/wp-content\/uploads\/2025\/09\/WhatsApp-Image-2025-09-29-at-08.24.08-768x1708.jpeg 768w, https:\/\/fideimss.org.mx\/inicio\/wp-content\/uploads\/2025\/09\/WhatsApp-Image-2025-09-29-at-08.24.08-691x1536.jpeg 691w, https:\/\/fideimss.org.mx\/inicio\/wp-content\/uploads\/2025\/09\/WhatsApp-Image-2025-09-29-at-08.24.08-921x2048.jpeg 921w, https:\/\/fideimss.org.mx\/inicio\/wp-content\/uploads\/2025\/09\/WhatsApp-Image-2025-09-29-at-08.24.08-200x445.jpeg 200w\" sizes=\"(max-width: 1151px) 100vw, 1151px\" \/>\t\t\t\t<\/div>\n\t\t\t\t<div class=\"bdt-content-wrap\">\n\n\t\t\t\t\t\t\t\t\t\t<div class=\"bdt-subtitle\" data-reveal=\"reveal-active\">\n\t\t\t\t\t\t\tUnidad Deportiva\t\t\t\t\t\t<\/div>\n\t\t\t\t\t\n\t\t\t\t\t\t\t\t\t\t\t<h1 class=\"bdt-title\" data-reveal=\"reveal-active\">\n\t\t\t\t\t\t\t\t\t\t\t\t\t\t\t<span class=\"frist-word\">Morelos<\/span> Zona Norte\t\t\t\t\t\t\t\t\t\t\t\t\t\t<\/h1>\n\t\t\t\t\t\t\t\t\t<\/div>\n\t\t\t\t\t\t\t<\/div>\n\n        \t\t\t\t<\/div>\n\t\t\t<\/div>\n\t\t\t\n\t\t\t\t\t\t\t\t\t\n\t\t\t<div class=\"swiper-pagination reveal-muted\"><\/div>\n\t\t\t<!-- <div class=\"swiper-scrollbar\"><\/div> -->\n\t\t\t\n\t\t\t\t\t\t\t\t\n\t\t\t\t\t\t<div class=\"bdt-arrows-center bdt-navigation-arrows bdt-position-z-index reveal-muted\">\n\t\t\t\t<div class=\"bdt-navigation-prev bdt-slidenav\"><i class=\"ps-wi-arrow-left-5\"><\/i><\/div>\n\t\t\t\t<div class=\"bdt-navigation-next bdt-slidenav\"><i class=\"ps-wi-arrow-right-5\"><\/i><\/div>\n\t\t\t<\/div>\n\t\t\t\n\t\t\t\t<\/div>\n\t\t<\/div>\n\n\t\t\t\t\t\t<\/div>\n\t\t\t\t<\/div>\n\t\t\t\t\t<\/div>\n\t\t<\/div>\n\t\t\t\t\t<\/div>\n\t\t<\/section>\n\t\t\t\t<\/div>\n\t\t","protected":false},"excerpt":{"rendered":"<p>El FIDEIMSS celebra con enorme orgullo a Johan Axel Hern\u00e1ndez Aguilar, quien obtuvo la medalla de bronce en la prueba de 50 mts mariposa (categor\u00eda S-8) durante la Paralimpiada Nacional CONADE 2025, realizada en Aguascalientes. Este logro representa la segunda medalla de Johan en la justa nacional, reafirmando su talento, disciplina y la fuerza de [&hellip;]<\/p>\n","protected":false},"author":1,"featured_media":3770,"comment_status":"open","ping_status":"open","sticky":false,"template":"","format":"standard","meta":{"_jetpack_memberships_contains_paid_content":false,"footnotes":""},"categories":[1],"tags":[17,18,14,19,34,21,24,33,32,22],"class_list":["post-3779","post","type-post","status-publish","format-standard","has-post-thumbnail","hentry","category-sin-categoria","tag-actividad","tag-comunidades","tag-deporte","tag-deportivas","tag-familia","tag-imss","tag-inclusivo","tag-jardines","tag-parques","tag-salud"],"jetpack_featured_media_url":"https:\/\/fideimss.org.mx\/inicio\/wp-content\/uploads\/2025\/09\/WhatsApp-Image-2025-09-25-at-06.11.30.jpeg","jetpack_sharing_enabled":true,"_links":{"self":[{"href":"https:\/\/fideimss.org.mx\/inicio\/wp-json\/wp\/v2\/posts\/3779","targetHints":{"allow":["GET"]}}],"collection":[{"href":"https:\/\/fideimss.org.mx\/inicio\/wp-json\/wp\/v2\/posts"}],"about":[{"href":"https:\/\/fideimss.org.mx\/inicio\/wp-json\/wp\/v2\/types\/post"}],"author":[{"embeddable":true,"href":"https:\/\/fideimss.org.mx\/inicio\/wp-json\/wp\/v2\/users\/1"}],"replies":[{"embeddable":true,"href":"https:\/\/fideimss.org.mx\/inicio\/wp-json\/wp\/v2\/comments?post=3779"}],"version-history":[{"count":4,"href":"https:\/\/fideimss.org.mx\/inicio\/wp-json\/wp\/v2\/posts\/3779\/revisions"}],"predecessor-version":[{"id":3786,"href":"https:\/\/fideimss.org.mx\/inicio\/wp-json\/wp\/v2\/posts\/3779\/revisions\/3786"}],"wp:featuredmedia":[{"embeddable":true,"href":"https:\/\/fideimss.org.mx\/inicio\/wp-json\/wp\/v2\/media\/3770"}],"wp:attachment":[{"href":"https:\/\/fideimss.org.mx\/inicio\/wp-json\/wp\/v2\/media?parent=3779"}],"wp:term":[{"taxonomy":"category","embeddable":true,"href":"https:\/\/fideimss.org.mx\/inicio\/wp-json\/wp\/v2\/categories?post=3779"},{"taxonomy":"post_tag","embeddable":true,"href":"https:\/\/fideimss.org.mx\/inicio\/wp-json\/wp\/v2\/tags?post=3779"}],"curies":[{"name":"wp","href":"https:\/\/api.w.org\/{rel}","templated":true}]}}