{"id":3346,"date":"2025-06-17T21:19:56","date_gmt":"2025-06-17T21:19:56","guid":{"rendered":"https:\/\/fideimss.org.mx\/inicio\/?p=3346"},"modified":"2025-06-27T21:26:05","modified_gmt":"2025-06-27T21:26:05","slug":"%f0%9f%a5%87-veracruz-brilla-en-la-olimpiada-nacional-conade-2025-con-jovenes-talentos-del-acuatlon","status":"publish","type":"post","link":"https:\/\/fideimss.org.mx\/inicio\/%f0%9f%a5%87-veracruz-brilla-en-la-olimpiada-nacional-conade-2025-con-jovenes-talentos-del-acuatlon\/","title":{"rendered":"Veracruz brilla en la Olimpiada Nacional CONADE 2025 con j\u00f3venes talentos del acuatl\u00f3n"},"content":{"rendered":"\t\t<div data-elementor-type=\"wp-post\" data-elementor-id=\"3346\" class=\"elementor elementor-3346\" data-elementor-post-type=\"post\">\n\t\t\t\t\t\t<section class=\"ob-is-breaking-bad elementor-section elementor-top-section elementor-element elementor-element-47746cdd elementor-section-boxed elementor-section-height-default elementor-section-height-default\" data-id=\"47746cdd\" data-element_type=\"section\" data-settings=\"{&quot;_ob_bbad_use_it&quot;:&quot;yes&quot;,&quot;_ob_bbad_sssic_use&quot;:&quot;no&quot;,&quot;_ob_glider_is_slider&quot;:&quot;no&quot;}\">\n\t\t\t\t\t\t<div class=\"elementor-container elementor-column-gap-default\">\n\t\t\t\t\t<div class=\"elementor-column elementor-col-100 elementor-top-column elementor-element elementor-element-27b5249b\" data-id=\"27b5249b\" data-element_type=\"column\" data-settings=\"{&quot;_ob_bbad_is_stalker&quot;:&quot;no&quot;,&quot;_ob_teleporter_use&quot;:false,&quot;_ob_column_hoveranimator&quot;:&quot;no&quot;,&quot;_ob_column_has_pseudo&quot;:&quot;no&quot;}\">\n\t\t\t<div class=\"elementor-widget-wrap elementor-element-populated\">\n\t\t\t\t\t\t<div class=\"elementor-element elementor-element-3f855aa2 ob-harakiri-inherit ob-has-background-overlay elementor-widget elementor-widget-text-editor\" data-id=\"3f855aa2\" data-element_type=\"widget\" data-settings=\"{&quot;_ob_use_harakiri&quot;:&quot;yes&quot;,&quot;_ob_harakiri_writing_mode&quot;:&quot;inherit&quot;,&quot;_ob_postman_use&quot;:&quot;no&quot;,&quot;_ob_perspektive_use&quot;:&quot;no&quot;,&quot;_ob_poopart_use&quot;:&quot;yes&quot;,&quot;_ob_shadough_use&quot;:&quot;no&quot;,&quot;_ob_allow_hoveranimator&quot;:&quot;no&quot;,&quot;_ob_widget_stalker_use&quot;:&quot;no&quot;}\" data-widget_type=\"text-editor.default\">\n\t\t\t\t<div class=\"elementor-widget-container\">\n\t\t\t\t\t\t\t\t\t<p data-start=\"298\" data-end=\"603\">Del <strong data-start=\"302\" data-end=\"331\">12 al 16 de junio de 2025<\/strong>, se celebr\u00f3 en <strong data-start=\"347\" data-end=\"383\">Puerto Progreso, M\u00e9rida, Yucat\u00e1n<\/strong>, una destacada edici\u00f3n de la <strong data-start=\"413\" data-end=\"449\">competencia nacional de triatl\u00f3n<\/strong>, organizada por la <strong data-start=\"469\" data-end=\"511\">Comisi\u00f3n Nacional del Deporte (CONADE)<\/strong>, con la participaci\u00f3n de m\u00e1s de <strong data-start=\"544\" data-end=\"559\">300 atletas<\/strong> provenientes de distintos estados del pa\u00eds.<\/p><p data-start=\"605\" data-end=\"840\">En el marco de esta justa deportiva, la tarde del jueves 12 de junio tuvo lugar la competencia de <strong data-start=\"703\" data-end=\"715\">Acuatl\u00f3n<\/strong>, en la que las usuarias del <strong data-start=\"744\" data-end=\"787\">Centro de Seguridad Social (CSS) Xalapa<\/strong> representaron con orgullo al estado de <strong data-start=\"827\" data-end=\"839\">Veracruz Norte<\/strong>.<\/p><p data-start=\"842\" data-end=\"1088\">En la categor\u00eda <strong data-start=\"858\" data-end=\"875\">11-12 femenil<\/strong>, las atletas <strong data-start=\"889\" data-end=\"922\">Melanie Sara\u00ed Fuentes Tepetla<\/strong> y <strong data-start=\"925\" data-end=\"950\">Ximena Padr\u00f3n Morales<\/strong> lograron posicionarse en los <strong data-start=\"980\" data-end=\"998\">lugares 7 y 10<\/strong>, respectivamente, destacando entre representantes de m\u00e1s de <strong data-start=\"1059\" data-end=\"1087\">20 entidades federativas<\/strong>.<\/p><p data-start=\"1090\" data-end=\"1329\">Estos resultados son fruto del esfuerzo, la disciplina y la dedicaci\u00f3n de las j\u00f3venes, as\u00ed como del acompa\u00f1amiento del <strong data-start=\"1209\" data-end=\"1248\">Mtro. Juan Carlos Beristain Zamudio<\/strong>, entrenador comprometido con la formaci\u00f3n integral de las y los j\u00f3venes atletas.<\/p><p data-start=\"1331\" data-end=\"1663\">Gracias al impulso del <strong data-start=\"1354\" data-end=\"1375\">Mtro. Zo\u00e9 Robledo<\/strong>, Director General del IMSS, y al liderazgo t\u00e9cnico de la <strong data-start=\"1433\" data-end=\"1454\">Lic. D\u00e9bora S\u00e1enz<\/strong>, Directora T\u00e9cnica del FIDEIMSS, estas acciones reafirman el compromiso institucional con el desarrollo deportivo como eje clave de la prevenci\u00f3n en salud y la mejora de la calidad de vida en las comunidades.<\/p><p data-start=\"1665\" data-end=\"1874\">Desde el <strong data-start=\"1674\" data-end=\"1686\">FIDEIMSS<\/strong>, extendemos un reconocimiento especial a Melanie, Ximena y al Mtro. Beristain Zamudio por su destacada participaci\u00f3n y por representar a Veracruz y a M\u00e9xico con pasi\u00f3n, entrega y valores.<\/p><p data-start=\"1876\" data-end=\"2001\">Estas historias son muestra de que el deporte transforma vidas, fortalece comunidades y siembra futuro. \u00a1Felicidades, equipo!<\/p>\t\t\t\t\t\t\t\t<\/div>\n\t\t\t\t<\/div>\n\t\t\t\t\t<\/div>\n\t\t<\/div>\n\t\t\t\t\t<\/div>\n\t\t<\/section>\n\t\t\t\t<section class=\"ob-is-breaking-bad elementor-section elementor-top-section elementor-element elementor-element-6fedf72 elementor-section-boxed elementor-section-height-default elementor-section-height-default\" data-id=\"6fedf72\" data-element_type=\"section\" data-settings=\"{&quot;_ob_bbad_use_it&quot;:&quot;yes&quot;,&quot;_ob_bbad_sssic_use&quot;:&quot;no&quot;,&quot;_ob_glider_is_slider&quot;:&quot;no&quot;}\">\n\t\t\t\t\t\t<div class=\"elementor-container elementor-column-gap-default\">\n\t\t\t\t\t<div class=\"elementor-column elementor-col-100 elementor-top-column elementor-element elementor-element-5642033\" data-id=\"5642033\" data-element_type=\"column\" data-settings=\"{&quot;_ob_bbad_is_stalker&quot;:&quot;no&quot;,&quot;_ob_teleporter_use&quot;:false,&quot;_ob_column_hoveranimator&quot;:&quot;no&quot;,&quot;_ob_column_has_pseudo&quot;:&quot;no&quot;}\">\n\t\t\t<div class=\"elementor-widget-wrap\">\n\t\t\t\t\t\t\t<\/div>\n\t\t<\/div>\n\t\t\t\t\t<\/div>\n\t\t<\/section>\n\t\t\t\t<section class=\"ob-is-breaking-bad elementor-section elementor-top-section elementor-element elementor-element-9b90e5d elementor-section-boxed elementor-section-height-default elementor-section-height-default\" data-id=\"9b90e5d\" data-element_type=\"section\" data-settings=\"{&quot;_ob_bbad_use_it&quot;:&quot;yes&quot;,&quot;_ob_bbad_sssic_use&quot;:&quot;no&quot;,&quot;_ob_glider_is_slider&quot;:&quot;no&quot;}\">\n\t\t\t\t\t\t<div class=\"elementor-container elementor-column-gap-default\">\n\t\t\t\t\t<div class=\"elementor-column elementor-col-100 elementor-top-column elementor-element elementor-element-114891c\" data-id=\"114891c\" data-element_type=\"column\" data-settings=\"{&quot;_ob_bbad_is_stalker&quot;:&quot;no&quot;,&quot;_ob_teleporter_use&quot;:false,&quot;_ob_column_hoveranimator&quot;:&quot;no&quot;,&quot;_ob_column_has_pseudo&quot;:&quot;no&quot;}\">\n\t\t\t<div class=\"elementor-widget-wrap elementor-element-populated\">\n\t\t\t\t\t\t<div class=\"elementor-element elementor-element-8359800 elementor-widget__width-auto bdt-pagination-hide-yes bdt-carousel-style-carousel ob-has-background-overlay elementor-widget elementor-widget-prime-slider-tango\" data-id=\"8359800\" data-element_type=\"widget\" data-settings=\"{&quot;_ob_perspektive_use&quot;:&quot;no&quot;,&quot;_ob_poopart_use&quot;:&quot;yes&quot;,&quot;_ob_shadough_use&quot;:&quot;no&quot;,&quot;_ob_allow_hoveranimator&quot;:&quot;no&quot;,&quot;_ob_widget_stalker_use&quot;:&quot;no&quot;}\" data-widget_type=\"prime-slider-tango.default\">\n\t\t\t\t<div class=\"elementor-widget-container\">\n\t\t\t\t\t\t\t<div class=\"bdt-prime-slider\">\n\t\t<div id=\"bdt-prime-slider-8359800\" class=\"bdt-prime-slider-tango elementor-swiper\" data-settings=\"{&quot;autoplay&quot;:{&quot;delay&quot;:5000},&quot;loop&quot;:true,&quot;speed&quot;:900,&quot;slidesPerView&quot;:1,&quot;slidesPerGroup&quot;:1,&quot;centeredSlides&quot;:true,&quot;effect&quot;:&quot;carousel&quot;,&quot;breakpoints&quot;:{&quot;768&quot;:{&quot;slidesPerView&quot;:2,&quot;spaceBetween&quot;:0,&quot;slidesPerGroup&quot;:1},&quot;1024&quot;:{&quot;slidesPerView&quot;:3,&quot;spaceBetween&quot;:27,&quot;slidesPerGroup&quot;:1}},&quot;navigation&quot;:{&quot;nextEl&quot;:&quot;#bdt-prime-slider-8359800 .bdt-navigation-next&quot;,&quot;prevEl&quot;:&quot;#bdt-prime-slider-8359800 .bdt-navigation-prev&quot;},&quot;pagination&quot;:{&quot;el&quot;:&quot;#bdt-prime-slider-8359800 .swiper-pagination&quot;,&quot;clickable&quot;:&quot;true&quot;},&quot;coverflowEffect&quot;:{&quot;rotate&quot;:0,&quot;stretch&quot;:180,&quot;depth&quot;:100,&quot;modifier&quot;:1,&quot;slideShadows&quot;:true}}\">\n\t\t\t<div class=\"swiper-tango swiper\" role=\"region\" aria-roledescription=\"carousel\" aria-label=\"Tango Slider\" dir=\"ltr\">\n\t\t\t\t<div class=\"swiper-wrapper\">\n\t\t\n            <div class=\"swiper-slide bdt-item\">\n\t\t\t\t<div class=\"bdt-image-wrap\">\n\t\t\t\t\t<img fetchpriority=\"high\" decoding=\"async\" width=\"900\" height=\"1600\" src=\"https:\/\/fideimss.org.mx\/inicio\/wp-content\/uploads\/2025\/06\/WhatsApp-Image-2025-06-27-at-14.55.10.jpeg\" class=\"bdt-img\" alt=\"VERACRUZ NORTE\" srcset=\"https:\/\/fideimss.org.mx\/inicio\/wp-content\/uploads\/2025\/06\/WhatsApp-Image-2025-06-27-at-14.55.10.jpeg 900w, https:\/\/fideimss.org.mx\/inicio\/wp-content\/uploads\/2025\/06\/WhatsApp-Image-2025-06-27-at-14.55.10-169x300.jpeg 169w, https:\/\/fideimss.org.mx\/inicio\/wp-content\/uploads\/2025\/06\/WhatsApp-Image-2025-06-27-at-14.55.10-576x1024.jpeg 576w, https:\/\/fideimss.org.mx\/inicio\/wp-content\/uploads\/2025\/06\/WhatsApp-Image-2025-06-27-at-14.55.10-768x1365.jpeg 768w, https:\/\/fideimss.org.mx\/inicio\/wp-content\/uploads\/2025\/06\/WhatsApp-Image-2025-06-27-at-14.55.10-864x1536.jpeg 864w, https:\/\/fideimss.org.mx\/inicio\/wp-content\/uploads\/2025\/06\/WhatsApp-Image-2025-06-27-at-14.55.10-200x356.jpeg 200w\" sizes=\"(max-width: 900px) 100vw, 900px\" \/>\t\t\t\t<\/div>\n\t\t\t\t<div class=\"bdt-content-wrap\">\n\n\t\t\t\t\t\t\t\t\t\t<div class=\"bdt-subtitle\" data-reveal=\"reveal-active\">\n\t\t\t\t\t\t\tOOAD\t\t\t\t\t\t<\/div>\n\t\t\t\t\t\n\t\t\t\t\t\t\t\t\t\t\t<h1 class=\"bdt-title\" data-reveal=\"reveal-active\">\n\t\t\t\t\t\t\t\t\t\t\t\t\t\t\t<span class=\"frist-word\">VERACRUZ<\/span> NORTE\t\t\t\t\t\t\t\t\t\t\t\t\t\t<\/h1>\n\t\t\t\t\t\t\t\t\t<\/div>\n\t\t\t\t\t\t\t<\/div>\n\n        \n            <div class=\"swiper-slide bdt-item\">\n\t\t\t\t<div class=\"bdt-image-wrap\">\n\t\t\t\t\t<img decoding=\"async\" width=\"1200\" height=\"1600\" src=\"https:\/\/fideimss.org.mx\/inicio\/wp-content\/uploads\/2025\/06\/WhatsApp-Image-2025-06-27-at-14.55.10-1.jpeg\" class=\"bdt-img\" alt=\"VERACRUZ NORTE\" srcset=\"https:\/\/fideimss.org.mx\/inicio\/wp-content\/uploads\/2025\/06\/WhatsApp-Image-2025-06-27-at-14.55.10-1.jpeg 1200w, https:\/\/fideimss.org.mx\/inicio\/wp-content\/uploads\/2025\/06\/WhatsApp-Image-2025-06-27-at-14.55.10-1-225x300.jpeg 225w, https:\/\/fideimss.org.mx\/inicio\/wp-content\/uploads\/2025\/06\/WhatsApp-Image-2025-06-27-at-14.55.10-1-768x1024.jpeg 768w, https:\/\/fideimss.org.mx\/inicio\/wp-content\/uploads\/2025\/06\/WhatsApp-Image-2025-06-27-at-14.55.10-1-1152x1536.jpeg 1152w, https:\/\/fideimss.org.mx\/inicio\/wp-content\/uploads\/2025\/06\/WhatsApp-Image-2025-06-27-at-14.55.10-1-200x267.jpeg 200w\" sizes=\"(max-width: 1200px) 100vw, 1200px\" \/>\t\t\t\t<\/div>\n\t\t\t\t<div class=\"bdt-content-wrap\">\n\n\t\t\t\t\t\t\t\t\t\t<div class=\"bdt-subtitle\" data-reveal=\"reveal-active\">\n\t\t\t\t\t\t\tOOAD\t\t\t\t\t\t<\/div>\n\t\t\t\t\t\n\t\t\t\t\t\t\t\t\t\t\t<h1 class=\"bdt-title\" data-reveal=\"reveal-active\">\n\t\t\t\t\t\t\t\t\t\t\t\t\t\t\t<span class=\"frist-word\">VERACRUZ<\/span> NORTE\t\t\t\t\t\t\t\t\t\t\t\t\t\t<\/h1>\n\t\t\t\t\t\t\t\t\t<\/div>\n\t\t\t\t\t\t\t<\/div>\n\n        \n            <div class=\"swiper-slide bdt-item\">\n\t\t\t\t<div class=\"bdt-image-wrap\">\n\t\t\t\t\t<img decoding=\"async\" width=\"1600\" height=\"1200\" src=\"https:\/\/fideimss.org.mx\/inicio\/wp-content\/uploads\/2025\/06\/WhatsApp-Image-2025-06-27-at-14.55.11.jpeg\" class=\"bdt-img\" alt=\"VERACRUZ NORTE\" srcset=\"https:\/\/fideimss.org.mx\/inicio\/wp-content\/uploads\/2025\/06\/WhatsApp-Image-2025-06-27-at-14.55.11.jpeg 1600w, https:\/\/fideimss.org.mx\/inicio\/wp-content\/uploads\/2025\/06\/WhatsApp-Image-2025-06-27-at-14.55.11-300x225.jpeg 300w, https:\/\/fideimss.org.mx\/inicio\/wp-content\/uploads\/2025\/06\/WhatsApp-Image-2025-06-27-at-14.55.11-1024x768.jpeg 1024w, https:\/\/fideimss.org.mx\/inicio\/wp-content\/uploads\/2025\/06\/WhatsApp-Image-2025-06-27-at-14.55.11-768x576.jpeg 768w, https:\/\/fideimss.org.mx\/inicio\/wp-content\/uploads\/2025\/06\/WhatsApp-Image-2025-06-27-at-14.55.11-1536x1152.jpeg 1536w, https:\/\/fideimss.org.mx\/inicio\/wp-content\/uploads\/2025\/06\/WhatsApp-Image-2025-06-27-at-14.55.11-200x150.jpeg 200w\" sizes=\"(max-width: 1600px) 100vw, 1600px\" \/>\t\t\t\t<\/div>\n\t\t\t\t<div class=\"bdt-content-wrap\">\n\n\t\t\t\t\t\t\t\t\t\t<div class=\"bdt-subtitle\" data-reveal=\"reveal-active\">\n\t\t\t\t\t\t\tOOAD\t\t\t\t\t\t<\/div>\n\t\t\t\t\t\n\t\t\t\t\t\t\t\t\t\t\t<h1 class=\"bdt-title\" data-reveal=\"reveal-active\">\n\t\t\t\t\t\t\t\t\t\t\t\t\t\t\t<span class=\"frist-word\">VERACRUZ<\/span> NORTE\t\t\t\t\t\t\t\t\t\t\t\t\t\t<\/h1>\n\t\t\t\t\t\t\t\t\t<\/div>\n\t\t\t\t\t\t\t<\/div>\n\n        \t\t\t\t<\/div>\n\t\t\t<\/div>\n\t\t\t\n\t\t\t\t\t\t\t\t\t\n\t\t\t<div class=\"swiper-pagination reveal-muted\"><\/div>\n\t\t\t<!-- <div class=\"swiper-scrollbar\"><\/div> -->\n\t\t\t\n\t\t\t\t\t\t\t\t\n\t\t\t\t\t\t<div class=\"bdt-arrows-center bdt-navigation-arrows bdt-position-z-index reveal-muted\">\n\t\t\t\t<div class=\"bdt-navigation-prev bdt-slidenav\"><i class=\"ps-wi-arrow-left-5\"><\/i><\/div>\n\t\t\t\t<div class=\"bdt-navigation-next bdt-slidenav\"><i class=\"ps-wi-arrow-right-5\"><\/i><\/div>\n\t\t\t<\/div>\n\t\t\t\n\t\t\t\t<\/div>\n\t\t<\/div>\n\n\t\t\t\t\t\t<\/div>\n\t\t\t\t<\/div>\n\t\t\t\t\t<\/div>\n\t\t<\/div>\n\t\t\t\t\t<\/div>\n\t\t<\/section>\n\t\t\t\t<\/div>\n\t\t","protected":false},"excerpt":{"rendered":"<p>Del 12 al 16 de junio de 2025, se celebr\u00f3 en Puerto Progreso, M\u00e9rida, Yucat\u00e1n, una destacada edici\u00f3n de la competencia nacional de triatl\u00f3n, organizada por la Comisi\u00f3n Nacional del Deporte (CONADE), con la participaci\u00f3n de m\u00e1s de 300 atletas provenientes de distintos estados del pa\u00eds. En el marco de esta justa deportiva, la tarde [&hellip;]<\/p>\n","protected":false},"author":1,"featured_media":3347,"comment_status":"open","ping_status":"open","sticky":false,"template":"","format":"standard","meta":{"_jetpack_memberships_contains_paid_content":false,"footnotes":""},"categories":[1],"tags":[17,18,14,19,34,21,24,33,32,22],"class_list":["post-3346","post","type-post","status-publish","format-standard","has-post-thumbnail","hentry","category-sin-categoria","tag-actividad","tag-comunidades","tag-deporte","tag-deportivas","tag-familia","tag-imss","tag-inclusivo","tag-jardines","tag-parques","tag-salud"],"jetpack_featured_media_url":"https:\/\/fideimss.org.mx\/inicio\/wp-content\/uploads\/2025\/06\/portada.jpg","jetpack_sharing_enabled":true,"_links":{"self":[{"href":"https:\/\/fideimss.org.mx\/inicio\/wp-json\/wp\/v2\/posts\/3346","targetHints":{"allow":["GET"]}}],"collection":[{"href":"https:\/\/fideimss.org.mx\/inicio\/wp-json\/wp\/v2\/posts"}],"about":[{"href":"https:\/\/fideimss.org.mx\/inicio\/wp-json\/wp\/v2\/types\/post"}],"author":[{"embeddable":true,"href":"https:\/\/fideimss.org.mx\/inicio\/wp-json\/wp\/v2\/users\/1"}],"replies":[{"embeddable":true,"href":"https:\/\/fideimss.org.mx\/inicio\/wp-json\/wp\/v2\/comments?post=3346"}],"version-history":[{"count":8,"href":"https:\/\/fideimss.org.mx\/inicio\/wp-json\/wp\/v2\/posts\/3346\/revisions"}],"predecessor-version":[{"id":3358,"href":"https:\/\/fideimss.org.mx\/inicio\/wp-json\/wp\/v2\/posts\/3346\/revisions\/3358"}],"wp:featuredmedia":[{"embeddable":true,"href":"https:\/\/fideimss.org.mx\/inicio\/wp-json\/wp\/v2\/media\/3347"}],"wp:attachment":[{"href":"https:\/\/fideimss.org.mx\/inicio\/wp-json\/wp\/v2\/media?parent=3346"}],"wp:term":[{"taxonomy":"category","embeddable":true,"href":"https:\/\/fideimss.org.mx\/inicio\/wp-json\/wp\/v2\/categories?post=3346"},{"taxonomy":"post_tag","embeddable":true,"href":"https:\/\/fideimss.org.mx\/inicio\/wp-json\/wp\/v2\/tags?post=3346"}],"curies":[{"name":"wp","href":"https:\/\/api.w.org\/{rel}","templated":true}]}}