{"id":3223,"date":"2025-05-31T18:02:48","date_gmt":"2025-05-31T18:02:48","guid":{"rendered":"https:\/\/fideimss.org.mx\/inicio\/?p=3223"},"modified":"2025-06-05T23:11:50","modified_gmt":"2025-06-05T23:11:50","slug":"equipo-de-taekwondo-del-ooad-nayarit-destaca-en-el-5-korea-taekwondo-championship-hanmadang-mexico-2025","status":"publish","type":"post","link":"https:\/\/fideimss.org.mx\/inicio\/equipo-de-taekwondo-del-ooad-nayarit-destaca-en-el-5-korea-taekwondo-championship-hanmadang-mexico-2025\/","title":{"rendered":"Equipo de Taekwondo del OOAD Nayarit destaca en el 5\u00b0 Korea Taekwondo Championship Hanmadang M\u00e9xico 2025"},"content":{"rendered":"\t\t<div data-elementor-type=\"wp-post\" data-elementor-id=\"3223\" class=\"elementor elementor-3223\" data-elementor-post-type=\"post\">\n\t\t\t\t\t\t<section class=\"ob-is-breaking-bad elementor-section elementor-top-section elementor-element elementor-element-47746cdd elementor-section-boxed elementor-section-height-default elementor-section-height-default\" data-id=\"47746cdd\" data-element_type=\"section\" data-settings=\"{&quot;_ob_bbad_use_it&quot;:&quot;yes&quot;,&quot;_ob_bbad_sssic_use&quot;:&quot;no&quot;,&quot;_ob_glider_is_slider&quot;:&quot;no&quot;}\">\n\t\t\t\t\t\t<div class=\"elementor-container elementor-column-gap-default\">\n\t\t\t\t\t<div class=\"elementor-column elementor-col-100 elementor-top-column elementor-element elementor-element-27b5249b\" data-id=\"27b5249b\" data-element_type=\"column\" data-settings=\"{&quot;_ob_bbad_is_stalker&quot;:&quot;no&quot;,&quot;_ob_teleporter_use&quot;:false,&quot;_ob_column_hoveranimator&quot;:&quot;no&quot;,&quot;_ob_column_has_pseudo&quot;:&quot;no&quot;}\">\n\t\t\t<div class=\"elementor-widget-wrap elementor-element-populated\">\n\t\t\t\t\t\t<div class=\"elementor-element elementor-element-3f855aa2 ob-harakiri-inherit ob-has-background-overlay elementor-widget elementor-widget-text-editor\" data-id=\"3f855aa2\" data-element_type=\"widget\" data-settings=\"{&quot;_ob_use_harakiri&quot;:&quot;yes&quot;,&quot;_ob_harakiri_writing_mode&quot;:&quot;inherit&quot;,&quot;_ob_postman_use&quot;:&quot;no&quot;,&quot;_ob_perspektive_use&quot;:&quot;no&quot;,&quot;_ob_poopart_use&quot;:&quot;yes&quot;,&quot;_ob_shadough_use&quot;:&quot;no&quot;,&quot;_ob_allow_hoveranimator&quot;:&quot;no&quot;,&quot;_ob_widget_stalker_use&quot;:&quot;no&quot;}\" data-widget_type=\"text-editor.default\">\n\t\t\t\t<div class=\"elementor-widget-container\">\n\t\t\t\t\t\t\t\t\t<p data-start=\"283\" data-end=\"577\">El pasado <strong data-start=\"293\" data-end=\"307\">31 de mayo<\/strong>, en puerto <strong data-start=\"325\" data-end=\"346\">Vallarta, Jalisco<\/strong>, se llev\u00f3 a cabo el <strong data-start=\"367\" data-end=\"424\">5\u00b0 Korea Taekwondo Championship Hanmadang M\u00e9xico 2025<\/strong>, un evento de gran relevancia nacional que reuni\u00f3 a <strong data-start=\"477\" data-end=\"505\">m\u00e1s de 950 participantes<\/strong> provenientes de <strong data-start=\"522\" data-end=\"560\">60 escuelas o dojangs de Taekwondo<\/strong> de todo el pa\u00eds.<\/p><p data-start=\"579\" data-end=\"1051\">En esta importante competencia, el <strong data-start=\"614\" data-end=\"654\">Equipo de Taekwondo del OOAD Nayarit<\/strong> tuvo una destacada participaci\u00f3n, demostrando disciplina, t\u00e9cnica y esp\u00edritu deportivo en las modalidades de <strong data-start=\"764\" data-end=\"784\">formas (Poomsae)<\/strong> y <strong data-start=\"787\" data-end=\"814\">combate libre (Kyorugi)<\/strong>. Gracias al esfuerzo y dedicaci\u00f3n de sus atletas, el equipo logr\u00f3 posicionarse en el <strong data-start=\"900\" data-end=\"951\">3er lugar general como mejor escuela del evento<\/strong>, consolidando as\u00ed su compromiso con el alto rendimiento y la formaci\u00f3n integral de sus integrantes.<\/p><p data-start=\"1053\" data-end=\"1256\">El equipo fue instruido y guiado por sus maestros <strong data-start=\"1103\" data-end=\"1161\">Guillermo S\u00e1nchez, Marisol Vel\u00e1zquez y Valeria S\u00e1nchez<\/strong>, quienes han sido pieza clave en el desarrollo t\u00e9cnico y formativo de cada uno de los alumnos.<\/p><p data-start=\"1053\" data-end=\"1256\">Desde el FIDEIMSS, reconocemos el firme respaldo del Mtro.Zo\u00e9 Robledo, Director General del IMSS, al fortalecimiento del deporte comunitario y formativo.<\/p><p data-start=\"1258\" data-end=\"1513\">Celebramos estos logros como parte del fortalecimiento del deporte en las comunidades, reafirmando el compromiso de impulsar pr\u00e1cticas que promuevan estilos de vida saludables, disciplina y valores positivos en las juventudes del pa\u00eds.<\/p>\t\t\t\t\t\t\t\t<\/div>\n\t\t\t\t<\/div>\n\t\t\t\t\t<\/div>\n\t\t<\/div>\n\t\t\t\t\t<\/div>\n\t\t<\/section>\n\t\t\t\t<section class=\"ob-is-breaking-bad elementor-section elementor-top-section elementor-element elementor-element-6fedf72 elementor-section-boxed elementor-section-height-default elementor-section-height-default\" data-id=\"6fedf72\" data-element_type=\"section\" data-settings=\"{&quot;_ob_bbad_use_it&quot;:&quot;yes&quot;,&quot;_ob_bbad_sssic_use&quot;:&quot;no&quot;,&quot;_ob_glider_is_slider&quot;:&quot;no&quot;}\">\n\t\t\t\t\t\t<div class=\"elementor-container elementor-column-gap-default\">\n\t\t\t\t\t<div class=\"elementor-column elementor-col-100 elementor-top-column elementor-element elementor-element-5642033\" data-id=\"5642033\" data-element_type=\"column\" data-settings=\"{&quot;_ob_bbad_is_stalker&quot;:&quot;no&quot;,&quot;_ob_teleporter_use&quot;:false,&quot;_ob_column_hoveranimator&quot;:&quot;no&quot;,&quot;_ob_column_has_pseudo&quot;:&quot;no&quot;}\">\n\t\t\t<div class=\"elementor-widget-wrap\">\n\t\t\t\t\t\t\t<\/div>\n\t\t<\/div>\n\t\t\t\t\t<\/div>\n\t\t<\/section>\n\t\t\t\t<section class=\"ob-is-breaking-bad elementor-section elementor-top-section elementor-element elementor-element-9b90e5d elementor-section-boxed elementor-section-height-default elementor-section-height-default\" data-id=\"9b90e5d\" data-element_type=\"section\" data-settings=\"{&quot;_ob_bbad_use_it&quot;:&quot;yes&quot;,&quot;_ob_bbad_sssic_use&quot;:&quot;no&quot;,&quot;_ob_glider_is_slider&quot;:&quot;no&quot;}\">\n\t\t\t\t\t\t<div class=\"elementor-container elementor-column-gap-default\">\n\t\t\t\t\t<div class=\"elementor-column elementor-col-100 elementor-top-column elementor-element elementor-element-114891c\" data-id=\"114891c\" data-element_type=\"column\" data-settings=\"{&quot;_ob_bbad_is_stalker&quot;:&quot;no&quot;,&quot;_ob_teleporter_use&quot;:false,&quot;_ob_column_hoveranimator&quot;:&quot;no&quot;,&quot;_ob_column_has_pseudo&quot;:&quot;no&quot;}\">\n\t\t\t<div class=\"elementor-widget-wrap elementor-element-populated\">\n\t\t\t\t\t\t<div class=\"elementor-element elementor-element-8359800 elementor-widget__width-auto bdt-pagination-hide-yes bdt-carousel-style-carousel ob-has-background-overlay elementor-widget elementor-widget-prime-slider-tango\" data-id=\"8359800\" data-element_type=\"widget\" data-settings=\"{&quot;_ob_perspektive_use&quot;:&quot;no&quot;,&quot;_ob_poopart_use&quot;:&quot;yes&quot;,&quot;_ob_shadough_use&quot;:&quot;no&quot;,&quot;_ob_allow_hoveranimator&quot;:&quot;no&quot;,&quot;_ob_widget_stalker_use&quot;:&quot;no&quot;}\" data-widget_type=\"prime-slider-tango.default\">\n\t\t\t\t<div class=\"elementor-widget-container\">\n\t\t\t\t\t\t\t<div class=\"bdt-prime-slider\">\n\t\t<div id=\"bdt-prime-slider-8359800\" class=\"bdt-prime-slider-tango elementor-swiper\" data-settings=\"{&quot;autoplay&quot;:{&quot;delay&quot;:5000},&quot;loop&quot;:true,&quot;speed&quot;:900,&quot;slidesPerView&quot;:1,&quot;slidesPerGroup&quot;:1,&quot;centeredSlides&quot;:true,&quot;effect&quot;:&quot;carousel&quot;,&quot;breakpoints&quot;:{&quot;768&quot;:{&quot;slidesPerView&quot;:2,&quot;spaceBetween&quot;:0,&quot;slidesPerGroup&quot;:1},&quot;1024&quot;:{&quot;slidesPerView&quot;:3,&quot;spaceBetween&quot;:27,&quot;slidesPerGroup&quot;:1}},&quot;navigation&quot;:{&quot;nextEl&quot;:&quot;#bdt-prime-slider-8359800 .bdt-navigation-next&quot;,&quot;prevEl&quot;:&quot;#bdt-prime-slider-8359800 .bdt-navigation-prev&quot;},&quot;pagination&quot;:{&quot;el&quot;:&quot;#bdt-prime-slider-8359800 .swiper-pagination&quot;,&quot;clickable&quot;:&quot;true&quot;},&quot;coverflowEffect&quot;:{&quot;rotate&quot;:0,&quot;stretch&quot;:180,&quot;depth&quot;:100,&quot;modifier&quot;:1,&quot;slideShadows&quot;:true}}\">\n\t\t\t<div class=\"swiper-tango swiper\" role=\"region\" aria-roledescription=\"carousel\" aria-label=\"Tango Slider\" dir=\"ltr\">\n\t\t\t\t<div class=\"swiper-wrapper\">\n\t\t\n            <div class=\"swiper-slide bdt-item\">\n\t\t\t\t<div class=\"bdt-image-wrap\">\n\t\t\t\t\t<img fetchpriority=\"high\" decoding=\"async\" width=\"1280\" height=\"960\" src=\"https:\/\/fideimss.org.mx\/inicio\/wp-content\/uploads\/2025\/06\/WhatsApp-Image-2025-06-05-at-11.53.29.jpeg\" class=\"bdt-img\" alt=\"NAYARIT\" srcset=\"https:\/\/fideimss.org.mx\/inicio\/wp-content\/uploads\/2025\/06\/WhatsApp-Image-2025-06-05-at-11.53.29.jpeg 1280w, https:\/\/fideimss.org.mx\/inicio\/wp-content\/uploads\/2025\/06\/WhatsApp-Image-2025-06-05-at-11.53.29-300x225.jpeg 300w, https:\/\/fideimss.org.mx\/inicio\/wp-content\/uploads\/2025\/06\/WhatsApp-Image-2025-06-05-at-11.53.29-1024x768.jpeg 1024w, https:\/\/fideimss.org.mx\/inicio\/wp-content\/uploads\/2025\/06\/WhatsApp-Image-2025-06-05-at-11.53.29-768x576.jpeg 768w, https:\/\/fideimss.org.mx\/inicio\/wp-content\/uploads\/2025\/06\/WhatsApp-Image-2025-06-05-at-11.53.29-200x150.jpeg 200w\" sizes=\"(max-width: 1280px) 100vw, 1280px\" \/>\t\t\t\t<\/div>\n\t\t\t\t<div class=\"bdt-content-wrap\">\n\n\t\t\t\t\t\t\t\t\t\t<div class=\"bdt-subtitle\" data-reveal=\"reveal-active\">\n\t\t\t\t\t\t\tOOAD\t\t\t\t\t\t<\/div>\n\t\t\t\t\t\n\t\t\t\t\t\t\t\t\t\t\t<h1 class=\"bdt-title\" data-reveal=\"reveal-active\">\n\t\t\t\t\t\t\t\t\t\t\t\t\t\t\t<span class=\"frist-word\">NAYARIT<\/span> \t\t\t\t\t\t\t\t\t\t\t\t\t\t<\/h1>\n\t\t\t\t\t\t\t\t\t<\/div>\n\t\t\t\t\t\t\t<\/div>\n\n        \n            <div class=\"swiper-slide bdt-item\">\n\t\t\t\t<div class=\"bdt-image-wrap\">\n\t\t\t\t\t<img decoding=\"async\" width=\"1200\" height=\"1600\" src=\"https:\/\/fideimss.org.mx\/inicio\/wp-content\/uploads\/2025\/06\/WhatsApp-Image-2025-06-05-at-11.53.29-1.jpeg\" class=\"bdt-img\" alt=\"NAYARIT\" srcset=\"https:\/\/fideimss.org.mx\/inicio\/wp-content\/uploads\/2025\/06\/WhatsApp-Image-2025-06-05-at-11.53.29-1.jpeg 1200w, https:\/\/fideimss.org.mx\/inicio\/wp-content\/uploads\/2025\/06\/WhatsApp-Image-2025-06-05-at-11.53.29-1-225x300.jpeg 225w, https:\/\/fideimss.org.mx\/inicio\/wp-content\/uploads\/2025\/06\/WhatsApp-Image-2025-06-05-at-11.53.29-1-768x1024.jpeg 768w, https:\/\/fideimss.org.mx\/inicio\/wp-content\/uploads\/2025\/06\/WhatsApp-Image-2025-06-05-at-11.53.29-1-1152x1536.jpeg 1152w, https:\/\/fideimss.org.mx\/inicio\/wp-content\/uploads\/2025\/06\/WhatsApp-Image-2025-06-05-at-11.53.29-1-200x267.jpeg 200w\" sizes=\"(max-width: 1200px) 100vw, 1200px\" \/>\t\t\t\t<\/div>\n\t\t\t\t<div class=\"bdt-content-wrap\">\n\n\t\t\t\t\t\t\t\t\t\t<div class=\"bdt-subtitle\" data-reveal=\"reveal-active\">\n\t\t\t\t\t\t\tOOAD\t\t\t\t\t\t<\/div>\n\t\t\t\t\t\n\t\t\t\t\t\t\t\t\t\t\t<h1 class=\"bdt-title\" data-reveal=\"reveal-active\">\n\t\t\t\t\t\t\t\t\t\t\t\t\t\t\t<span class=\"frist-word\">NAYARIT<\/span> \t\t\t\t\t\t\t\t\t\t\t\t\t\t<\/h1>\n\t\t\t\t\t\t\t\t\t<\/div>\n\t\t\t\t\t\t\t<\/div>\n\n        \t\t\t\t<\/div>\n\t\t\t<\/div>\n\t\t\t\n\t\t\t\t\t\t\t\t\t\n\t\t\t<div class=\"swiper-pagination reveal-muted\"><\/div>\n\t\t\t<!-- <div class=\"swiper-scrollbar\"><\/div> -->\n\t\t\t\n\t\t\t\t\t\t\t\t\n\t\t\t\t\t\t<div class=\"bdt-arrows-center bdt-navigation-arrows bdt-position-z-index reveal-muted\">\n\t\t\t\t<div class=\"bdt-navigation-prev bdt-slidenav\"><i class=\"ps-wi-arrow-left-5\"><\/i><\/div>\n\t\t\t\t<div class=\"bdt-navigation-next bdt-slidenav\"><i class=\"ps-wi-arrow-right-5\"><\/i><\/div>\n\t\t\t<\/div>\n\t\t\t\n\t\t\t\t<\/div>\n\t\t<\/div>\n\n\t\t\t\t\t\t<\/div>\n\t\t\t\t<\/div>\n\t\t\t\t\t<\/div>\n\t\t<\/div>\n\t\t\t\t\t<\/div>\n\t\t<\/section>\n\t\t\t\t<\/div>\n\t\t","protected":false},"excerpt":{"rendered":"<p>El pasado 31 de mayo, en puerto Vallarta, Jalisco, se llev\u00f3 a cabo el 5\u00b0 Korea Taekwondo Championship Hanmadang M\u00e9xico 2025, un evento de gran relevancia nacional que reuni\u00f3 a m\u00e1s de 950 participantes provenientes de 60 escuelas o dojangs de Taekwondo de todo el pa\u00eds. En esta importante competencia, el Equipo de Taekwondo del [&hellip;]<\/p>\n","protected":false},"author":1,"featured_media":3224,"comment_status":"open","ping_status":"open","sticky":false,"template":"","format":"standard","meta":{"_jetpack_memberships_contains_paid_content":false,"footnotes":""},"categories":[38,7,6],"tags":[17,18,14,19,34,21,24,33,32,22],"class_list":["post-3223","post","type-post","status-publish","format-standard","has-post-thumbnail","hentry","category-deporte","category-eventos","category-noticias","tag-actividad","tag-comunidades","tag-deporte","tag-deportivas","tag-familia","tag-imss","tag-inclusivo","tag-jardines","tag-parques","tag-salud"],"jetpack_featured_media_url":"https:\/\/fideimss.org.mx\/inicio\/wp-content\/uploads\/2025\/06\/Taekwondo_Nayarit.jpg","jetpack_sharing_enabled":true,"_links":{"self":[{"href":"https:\/\/fideimss.org.mx\/inicio\/wp-json\/wp\/v2\/posts\/3223","targetHints":{"allow":["GET"]}}],"collection":[{"href":"https:\/\/fideimss.org.mx\/inicio\/wp-json\/wp\/v2\/posts"}],"about":[{"href":"https:\/\/fideimss.org.mx\/inicio\/wp-json\/wp\/v2\/types\/post"}],"author":[{"embeddable":true,"href":"https:\/\/fideimss.org.mx\/inicio\/wp-json\/wp\/v2\/users\/1"}],"replies":[{"embeddable":true,"href":"https:\/\/fideimss.org.mx\/inicio\/wp-json\/wp\/v2\/comments?post=3223"}],"version-history":[{"count":7,"href":"https:\/\/fideimss.org.mx\/inicio\/wp-json\/wp\/v2\/posts\/3223\/revisions"}],"predecessor-version":[{"id":3234,"href":"https:\/\/fideimss.org.mx\/inicio\/wp-json\/wp\/v2\/posts\/3223\/revisions\/3234"}],"wp:featuredmedia":[{"embeddable":true,"href":"https:\/\/fideimss.org.mx\/inicio\/wp-json\/wp\/v2\/media\/3224"}],"wp:attachment":[{"href":"https:\/\/fideimss.org.mx\/inicio\/wp-json\/wp\/v2\/media?parent=3223"}],"wp:term":[{"taxonomy":"category","embeddable":true,"href":"https:\/\/fideimss.org.mx\/inicio\/wp-json\/wp\/v2\/categories?post=3223"},{"taxonomy":"post_tag","embeddable":true,"href":"https:\/\/fideimss.org.mx\/inicio\/wp-json\/wp\/v2\/tags?post=3223"}],"curies":[{"name":"wp","href":"https:\/\/api.w.org\/{rel}","templated":true}]}}