{"id":3140,"date":"2025-05-19T19:56:08","date_gmt":"2025-05-19T19:56:08","guid":{"rendered":"https:\/\/fideimss.org.mx\/inicio\/?p=3140"},"modified":"2025-05-19T20:05:53","modified_gmt":"2025-05-19T20:05:53","slug":"el-deporte-llega-a-todos-continua-la-jornada-nacional-de-activacion-fisica-en-la-semana-20-del-2025","status":"publish","type":"post","link":"https:\/\/fideimss.org.mx\/inicio\/el-deporte-llega-a-todos-continua-la-jornada-nacional-de-activacion-fisica-en-la-semana-20-del-2025\/","title":{"rendered":"El deporte llega a todos: contin\u00faa la Jornada Nacional de Activaci\u00f3n F\u00edsica en la semana 20 del 2025"},"content":{"rendered":"\t\t<div data-elementor-type=\"wp-post\" data-elementor-id=\"3140\" class=\"elementor elementor-3140\" data-elementor-post-type=\"post\">\n\t\t\t\t\t\t<section class=\"ob-is-breaking-bad elementor-section elementor-top-section elementor-element elementor-element-47746cdd elementor-section-boxed elementor-section-height-default elementor-section-height-default\" data-id=\"47746cdd\" data-element_type=\"section\" data-settings=\"{&quot;_ob_bbad_use_it&quot;:&quot;yes&quot;,&quot;_ob_bbad_sssic_use&quot;:&quot;no&quot;,&quot;_ob_glider_is_slider&quot;:&quot;no&quot;}\">\n\t\t\t\t\t\t<div class=\"elementor-container elementor-column-gap-default\">\n\t\t\t\t\t<div class=\"elementor-column elementor-col-100 elementor-top-column elementor-element elementor-element-27b5249b\" data-id=\"27b5249b\" data-element_type=\"column\" data-settings=\"{&quot;_ob_bbad_is_stalker&quot;:&quot;no&quot;,&quot;_ob_teleporter_use&quot;:false,&quot;_ob_column_hoveranimator&quot;:&quot;no&quot;,&quot;_ob_column_has_pseudo&quot;:&quot;no&quot;}\">\n\t\t\t<div class=\"elementor-widget-wrap elementor-element-populated\">\n\t\t\t\t\t\t<div class=\"elementor-element elementor-element-3f855aa2 ob-harakiri-inherit ob-has-background-overlay elementor-widget elementor-widget-text-editor\" data-id=\"3f855aa2\" data-element_type=\"widget\" data-settings=\"{&quot;_ob_use_harakiri&quot;:&quot;yes&quot;,&quot;_ob_harakiri_writing_mode&quot;:&quot;inherit&quot;,&quot;_ob_postman_use&quot;:&quot;no&quot;,&quot;_ob_perspektive_use&quot;:&quot;no&quot;,&quot;_ob_poopart_use&quot;:&quot;yes&quot;,&quot;_ob_shadough_use&quot;:&quot;no&quot;,&quot;_ob_allow_hoveranimator&quot;:&quot;no&quot;,&quot;_ob_widget_stalker_use&quot;:&quot;no&quot;}\" data-widget_type=\"text-editor.default\">\n\t\t\t\t<div class=\"elementor-widget-container\">\n\t\t\t\t\t\t\t\t\t<p class=\"\" data-start=\"298\" data-end=\"772\">El pasado s\u00e1bado se vivi\u00f3 una nueva jornada de la iniciativa nacional <strong data-start=\"368\" data-end=\"413\">\u201cActivaci\u00f3n F\u00edsica en Parques y Jardines\u201d<\/strong>, correspondiente a la <strong data-start=\"436\" data-end=\"469\">semana 20 del calendario 2025<\/strong>. Esta estrategia, que forma parte de los esfuerzos permanentes del Instituto Mexicano del Seguro Social (IMSS), fue coordinada por la Direcci\u00f3n T\u00e9cnica del <strong data-start=\"626\" data-end=\"683\">Fideicomiso para el Desarrollo del Deporte (FIDEIMSS)<\/strong> y busca seguir acercando el deporte y la actividad f\u00edsica a todos los rincones del pa\u00eds.<\/p><p class=\"\" data-start=\"774\" data-end=\"1056\">Con el respaldo del Mtro. <strong data-start=\"800\" data-end=\"815\">Zo\u00e9 Robledo<\/strong>, Director General del IMSS, y el liderazgo de la <strong data-start=\"865\" data-end=\"886\">Lic. D\u00e9bora S\u00e1enz<\/strong>, Directora T\u00e9cnica del FIDEIMSS, esta jornada reafirma la importancia de activar los espacios p\u00fablicos como plataformas vivas para la salud, la inclusi\u00f3n y el bienestar.<\/p><p class=\"\" data-start=\"1058\" data-end=\"1197\">En esta edici\u00f3n, nuevamente se cont\u00f3 con la destacada participaci\u00f3n de diversas OOAD que han hecho de esta jornada un compromiso constante:<\/p><ul><li data-start=\"1058\" data-end=\"1197\">CDMX SUR<\/li><li data-start=\"1058\" data-end=\"1197\">Colima<\/li><li data-start=\"1058\" data-end=\"1197\">Estado de M\u00e9xico oriente<\/li><li data-start=\"1058\" data-end=\"1197\">Guanajuato<\/li><li data-start=\"1058\" data-end=\"1197\">Nayarit<\/li><li data-start=\"1058\" data-end=\"1197\">Quer\u00e9taro<\/li><li data-start=\"1058\" data-end=\"1197\">Tamaulipas<\/li><li data-start=\"1058\" data-end=\"1197\">Tijuana<\/li><\/ul><p data-start=\"1331\" data-end=\"1571\">\u00a0<\/p><p class=\"\" data-start=\"1331\" data-end=\"1571\">Desde las primeras horas del d\u00eda, parques y jardines se transformaron en escenarios de energ\u00eda, m\u00fasica y convivencia, gracias al entusiasmo de instructores, instructoras y personas de todas las edades que participaron con entrega y alegr\u00eda.<\/p><p class=\"\" data-start=\"1573\" data-end=\"1677\">Cada paso, cada estiramiento y cada movimiento suman a una visi\u00f3n de pa\u00eds m\u00e1s saludable, activo y unido.<\/p><p class=\"\" data-start=\"1679\" data-end=\"1778\"><strong data-start=\"1679\" data-end=\"1778\">\u00a1Gracias a quienes lo hacen posible! El deporte sigue siendo nuestra mejor medicina preventiva.<\/strong><\/p>\t\t\t\t\t\t\t\t<\/div>\n\t\t\t\t<\/div>\n\t\t\t\t\t<\/div>\n\t\t<\/div>\n\t\t\t\t\t<\/div>\n\t\t<\/section>\n\t\t\t\t<section class=\"ob-is-breaking-bad elementor-section elementor-top-section elementor-element elementor-element-6fedf72 elementor-section-boxed elementor-section-height-default elementor-section-height-default\" data-id=\"6fedf72\" data-element_type=\"section\" data-settings=\"{&quot;_ob_bbad_use_it&quot;:&quot;yes&quot;,&quot;_ob_bbad_sssic_use&quot;:&quot;no&quot;,&quot;_ob_glider_is_slider&quot;:&quot;no&quot;}\">\n\t\t\t\t\t\t<div class=\"elementor-container elementor-column-gap-default\">\n\t\t\t\t\t<div class=\"elementor-column elementor-col-100 elementor-top-column elementor-element elementor-element-5642033\" data-id=\"5642033\" data-element_type=\"column\" data-settings=\"{&quot;_ob_bbad_is_stalker&quot;:&quot;no&quot;,&quot;_ob_teleporter_use&quot;:false,&quot;_ob_column_hoveranimator&quot;:&quot;no&quot;,&quot;_ob_column_has_pseudo&quot;:&quot;no&quot;}\">\n\t\t\t<div class=\"elementor-widget-wrap\">\n\t\t\t\t\t\t\t<\/div>\n\t\t<\/div>\n\t\t\t\t\t<\/div>\n\t\t<\/section>\n\t\t\t\t<section class=\"ob-is-breaking-bad elementor-section elementor-top-section elementor-element elementor-element-9b90e5d elementor-section-boxed elementor-section-height-default elementor-section-height-default\" data-id=\"9b90e5d\" data-element_type=\"section\" data-settings=\"{&quot;_ob_bbad_use_it&quot;:&quot;yes&quot;,&quot;_ob_bbad_sssic_use&quot;:&quot;no&quot;,&quot;_ob_glider_is_slider&quot;:&quot;no&quot;}\">\n\t\t\t\t\t\t<div class=\"elementor-container elementor-column-gap-default\">\n\t\t\t\t\t<div class=\"elementor-column elementor-col-100 elementor-top-column elementor-element elementor-element-114891c\" data-id=\"114891c\" data-element_type=\"column\" data-settings=\"{&quot;_ob_bbad_is_stalker&quot;:&quot;no&quot;,&quot;_ob_teleporter_use&quot;:false,&quot;_ob_column_hoveranimator&quot;:&quot;no&quot;,&quot;_ob_column_has_pseudo&quot;:&quot;no&quot;}\">\n\t\t\t<div class=\"elementor-widget-wrap elementor-element-populated\">\n\t\t\t\t\t\t<div class=\"elementor-element elementor-element-8359800 elementor-widget__width-auto bdt-pagination-hide-yes bdt-carousel-style-carousel ob-has-background-overlay elementor-widget elementor-widget-prime-slider-tango\" data-id=\"8359800\" data-element_type=\"widget\" data-settings=\"{&quot;_ob_perspektive_use&quot;:&quot;no&quot;,&quot;_ob_poopart_use&quot;:&quot;yes&quot;,&quot;_ob_shadough_use&quot;:&quot;no&quot;,&quot;_ob_allow_hoveranimator&quot;:&quot;no&quot;,&quot;_ob_widget_stalker_use&quot;:&quot;no&quot;}\" data-widget_type=\"prime-slider-tango.default\">\n\t\t\t\t<div class=\"elementor-widget-container\">\n\t\t\t\t\t\t\t<div class=\"bdt-prime-slider\">\n\t\t<div id=\"bdt-prime-slider-8359800\" class=\"bdt-prime-slider-tango elementor-swiper\" data-settings=\"{&quot;autoplay&quot;:{&quot;delay&quot;:5000},&quot;loop&quot;:true,&quot;speed&quot;:900,&quot;slidesPerView&quot;:1,&quot;slidesPerGroup&quot;:1,&quot;centeredSlides&quot;:true,&quot;effect&quot;:&quot;carousel&quot;,&quot;breakpoints&quot;:{&quot;768&quot;:{&quot;slidesPerView&quot;:2,&quot;spaceBetween&quot;:0,&quot;slidesPerGroup&quot;:1},&quot;1024&quot;:{&quot;slidesPerView&quot;:3,&quot;spaceBetween&quot;:27,&quot;slidesPerGroup&quot;:1}},&quot;navigation&quot;:{&quot;nextEl&quot;:&quot;#bdt-prime-slider-8359800 .bdt-navigation-next&quot;,&quot;prevEl&quot;:&quot;#bdt-prime-slider-8359800 .bdt-navigation-prev&quot;},&quot;pagination&quot;:{&quot;el&quot;:&quot;#bdt-prime-slider-8359800 .swiper-pagination&quot;,&quot;clickable&quot;:&quot;true&quot;},&quot;coverflowEffect&quot;:{&quot;rotate&quot;:0,&quot;stretch&quot;:180,&quot;depth&quot;:100,&quot;modifier&quot;:1,&quot;slideShadows&quot;:true}}\">\n\t\t\t<div class=\"swiper-tango swiper\" role=\"region\" aria-roledescription=\"carousel\" aria-label=\"Tango Slider\" dir=\"ltr\">\n\t\t\t\t<div class=\"swiper-wrapper\">\n\t\t\n            <div class=\"swiper-slide bdt-item\">\n\t\t\t\t<div class=\"bdt-image-wrap\">\n\t\t\t\t\t<img fetchpriority=\"high\" decoding=\"async\" width=\"1280\" height=\"720\" src=\"https:\/\/fideimss.org.mx\/inicio\/wp-content\/uploads\/2025\/05\/CDMX-SUR.jpeg\" class=\"bdt-img\" alt=\"CDMX Sur\" srcset=\"https:\/\/fideimss.org.mx\/inicio\/wp-content\/uploads\/2025\/05\/CDMX-SUR.jpeg 1280w, https:\/\/fideimss.org.mx\/inicio\/wp-content\/uploads\/2025\/05\/CDMX-SUR-300x169.jpeg 300w, https:\/\/fideimss.org.mx\/inicio\/wp-content\/uploads\/2025\/05\/CDMX-SUR-1024x576.jpeg 1024w, https:\/\/fideimss.org.mx\/inicio\/wp-content\/uploads\/2025\/05\/CDMX-SUR-768x432.jpeg 768w, https:\/\/fideimss.org.mx\/inicio\/wp-content\/uploads\/2025\/05\/CDMX-SUR-200x113.jpeg 200w\" sizes=\"(max-width: 1280px) 100vw, 1280px\" \/>\t\t\t\t<\/div>\n\t\t\t\t<div class=\"bdt-content-wrap\">\n\n\t\t\t\t\t\t\t\t\t\t<div class=\"bdt-subtitle\" data-reveal=\"reveal-active\">\n\t\t\t\t\t\t\tOOAD\t\t\t\t\t\t<\/div>\n\t\t\t\t\t\n\t\t\t\t\t\t\t\t\t\t\t<h1 class=\"bdt-title\" data-reveal=\"reveal-active\">\n\t\t\t\t\t\t\t\t\t\t\t\t\t\t\t<span class=\"frist-word\">CDMX<\/span> Sur\t\t\t\t\t\t\t\t\t\t\t\t\t\t<\/h1>\n\t\t\t\t\t\t\t\t\t<\/div>\n\t\t\t\t\t\t\t<\/div>\n\n        \n            <div class=\"swiper-slide bdt-item\">\n\t\t\t\t<div class=\"bdt-image-wrap\">\n\t\t\t\t\t<img decoding=\"async\" width=\"1280\" height=\"960\" src=\"https:\/\/fideimss.org.mx\/inicio\/wp-content\/uploads\/2025\/05\/Colima-1.jpeg\" class=\"bdt-img\" alt=\"Colima\" srcset=\"https:\/\/fideimss.org.mx\/inicio\/wp-content\/uploads\/2025\/05\/Colima-1.jpeg 1280w, https:\/\/fideimss.org.mx\/inicio\/wp-content\/uploads\/2025\/05\/Colima-1-300x225.jpeg 300w, https:\/\/fideimss.org.mx\/inicio\/wp-content\/uploads\/2025\/05\/Colima-1-1024x768.jpeg 1024w, https:\/\/fideimss.org.mx\/inicio\/wp-content\/uploads\/2025\/05\/Colima-1-768x576.jpeg 768w, https:\/\/fideimss.org.mx\/inicio\/wp-content\/uploads\/2025\/05\/Colima-1-200x150.jpeg 200w\" sizes=\"(max-width: 1280px) 100vw, 1280px\" \/>\t\t\t\t<\/div>\n\t\t\t\t<div class=\"bdt-content-wrap\">\n\n\t\t\t\t\t\t\t\t\t\t<div class=\"bdt-subtitle\" data-reveal=\"reveal-active\">\n\t\t\t\t\t\t\tOOAD\t\t\t\t\t\t<\/div>\n\t\t\t\t\t\n\t\t\t\t\t\t\t\t\t\t\t<h1 class=\"bdt-title\" data-reveal=\"reveal-active\">\n\t\t\t\t\t\t\t\t\t\t\t\t\t\t\t<span class=\"frist-word\">Colima<\/span> \t\t\t\t\t\t\t\t\t\t\t\t\t\t<\/h1>\n\t\t\t\t\t\t\t\t\t<\/div>\n\t\t\t\t\t\t\t<\/div>\n\n        \n            <div class=\"swiper-slide bdt-item\">\n\t\t\t\t<div class=\"bdt-image-wrap\">\n\t\t\t\t\t<img decoding=\"async\" width=\"1118\" height=\"717\" src=\"https:\/\/fideimss.org.mx\/inicio\/wp-content\/uploads\/2025\/05\/Edo_mexico_oriente.png\" class=\"bdt-img\" alt=\"Edo. M\u00e9xico Oriente\" srcset=\"https:\/\/fideimss.org.mx\/inicio\/wp-content\/uploads\/2025\/05\/Edo_mexico_oriente.png 1118w, https:\/\/fideimss.org.mx\/inicio\/wp-content\/uploads\/2025\/05\/Edo_mexico_oriente-300x192.png 300w, https:\/\/fideimss.org.mx\/inicio\/wp-content\/uploads\/2025\/05\/Edo_mexico_oriente-1024x657.png 1024w, https:\/\/fideimss.org.mx\/inicio\/wp-content\/uploads\/2025\/05\/Edo_mexico_oriente-768x493.png 768w, https:\/\/fideimss.org.mx\/inicio\/wp-content\/uploads\/2025\/05\/Edo_mexico_oriente-200x128.png 200w\" sizes=\"(max-width: 1118px) 100vw, 1118px\" \/>\t\t\t\t<\/div>\n\t\t\t\t<div class=\"bdt-content-wrap\">\n\n\t\t\t\t\t\t\t\t\t\t<div class=\"bdt-subtitle\" data-reveal=\"reveal-active\">\n\t\t\t\t\t\t\tOOAD\t\t\t\t\t\t<\/div>\n\t\t\t\t\t\n\t\t\t\t\t\t\t\t\t\t\t<h1 class=\"bdt-title\" data-reveal=\"reveal-active\">\n\t\t\t\t\t\t\t\t\t\t\t\t\t\t\t<span class=\"frist-word\">Edo.<\/span> M\u00e9xico Oriente\t\t\t\t\t\t\t\t\t\t\t\t\t\t<\/h1>\n\t\t\t\t\t\t\t\t\t<\/div>\n\t\t\t\t\t\t\t<\/div>\n\n        \n            <div class=\"swiper-slide bdt-item\">\n\t\t\t\t<div class=\"bdt-image-wrap\">\n\t\t\t\t\t<img loading=\"lazy\" decoding=\"async\" width=\"1600\" height=\"900\" src=\"https:\/\/fideimss.org.mx\/inicio\/wp-content\/uploads\/2025\/05\/Guanajuato-1.jpeg\" class=\"bdt-img\" alt=\"Guanajuato\" srcset=\"https:\/\/fideimss.org.mx\/inicio\/wp-content\/uploads\/2025\/05\/Guanajuato-1.jpeg 1600w, https:\/\/fideimss.org.mx\/inicio\/wp-content\/uploads\/2025\/05\/Guanajuato-1-300x169.jpeg 300w, https:\/\/fideimss.org.mx\/inicio\/wp-content\/uploads\/2025\/05\/Guanajuato-1-1024x576.jpeg 1024w, https:\/\/fideimss.org.mx\/inicio\/wp-content\/uploads\/2025\/05\/Guanajuato-1-768x432.jpeg 768w, https:\/\/fideimss.org.mx\/inicio\/wp-content\/uploads\/2025\/05\/Guanajuato-1-1536x864.jpeg 1536w, https:\/\/fideimss.org.mx\/inicio\/wp-content\/uploads\/2025\/05\/Guanajuato-1-200x113.jpeg 200w\" sizes=\"(max-width: 1600px) 100vw, 1600px\" \/>\t\t\t\t<\/div>\n\t\t\t\t<div class=\"bdt-content-wrap\">\n\n\t\t\t\t\t\t\t\t\t\t<div class=\"bdt-subtitle\" data-reveal=\"reveal-active\">\n\t\t\t\t\t\t\tOOAD\t\t\t\t\t\t<\/div>\n\t\t\t\t\t\n\t\t\t\t\t\t\t\t\t\t\t<h1 class=\"bdt-title\" data-reveal=\"reveal-active\">\n\t\t\t\t\t\t\t\t\t\t\t\t\t\t\t<span class=\"frist-word\">Guanajuato<\/span> \t\t\t\t\t\t\t\t\t\t\t\t\t\t<\/h1>\n\t\t\t\t\t\t\t\t\t<\/div>\n\t\t\t\t\t\t\t<\/div>\n\n        \n            <div class=\"swiper-slide bdt-item\">\n\t\t\t\t<div class=\"bdt-image-wrap\">\n\t\t\t\t\t<img loading=\"lazy\" decoding=\"async\" width=\"1200\" height=\"1600\" src=\"https:\/\/fideimss.org.mx\/inicio\/wp-content\/uploads\/2025\/05\/Nayarit.jpeg\" class=\"bdt-img\" alt=\"Nayarit\" srcset=\"https:\/\/fideimss.org.mx\/inicio\/wp-content\/uploads\/2025\/05\/Nayarit.jpeg 1200w, https:\/\/fideimss.org.mx\/inicio\/wp-content\/uploads\/2025\/05\/Nayarit-225x300.jpeg 225w, https:\/\/fideimss.org.mx\/inicio\/wp-content\/uploads\/2025\/05\/Nayarit-768x1024.jpeg 768w, https:\/\/fideimss.org.mx\/inicio\/wp-content\/uploads\/2025\/05\/Nayarit-1152x1536.jpeg 1152w, https:\/\/fideimss.org.mx\/inicio\/wp-content\/uploads\/2025\/05\/Nayarit-200x267.jpeg 200w\" sizes=\"(max-width: 1200px) 100vw, 1200px\" \/>\t\t\t\t<\/div>\n\t\t\t\t<div class=\"bdt-content-wrap\">\n\n\t\t\t\t\t\t\t\t\t\t<div class=\"bdt-subtitle\" data-reveal=\"reveal-active\">\n\t\t\t\t\t\t\tOOAD\t\t\t\t\t\t<\/div>\n\t\t\t\t\t\n\t\t\t\t\t\t\t\t\t\t\t<h1 class=\"bdt-title\" data-reveal=\"reveal-active\">\n\t\t\t\t\t\t\t\t\t\t\t\t\t\t\t<span class=\"frist-word\">Nayarit<\/span> \t\t\t\t\t\t\t\t\t\t\t\t\t\t<\/h1>\n\t\t\t\t\t\t\t\t\t<\/div>\n\t\t\t\t\t\t\t<\/div>\n\n        \n            <div class=\"swiper-slide bdt-item\">\n\t\t\t\t<div class=\"bdt-image-wrap\">\n\t\t\t\t\t<img loading=\"lazy\" decoding=\"async\" width=\"1600\" height=\"1200\" src=\"https:\/\/fideimss.org.mx\/inicio\/wp-content\/uploads\/2025\/05\/Queretaro-1.jpeg\" class=\"bdt-img\" alt=\"Quer\u00e9taro\" srcset=\"https:\/\/fideimss.org.mx\/inicio\/wp-content\/uploads\/2025\/05\/Queretaro-1.jpeg 1600w, https:\/\/fideimss.org.mx\/inicio\/wp-content\/uploads\/2025\/05\/Queretaro-1-300x225.jpeg 300w, https:\/\/fideimss.org.mx\/inicio\/wp-content\/uploads\/2025\/05\/Queretaro-1-1024x768.jpeg 1024w, https:\/\/fideimss.org.mx\/inicio\/wp-content\/uploads\/2025\/05\/Queretaro-1-768x576.jpeg 768w, https:\/\/fideimss.org.mx\/inicio\/wp-content\/uploads\/2025\/05\/Queretaro-1-1536x1152.jpeg 1536w, https:\/\/fideimss.org.mx\/inicio\/wp-content\/uploads\/2025\/05\/Queretaro-1-200x150.jpeg 200w\" sizes=\"(max-width: 1600px) 100vw, 1600px\" \/>\t\t\t\t<\/div>\n\t\t\t\t<div class=\"bdt-content-wrap\">\n\n\t\t\t\t\t\t\t\t\t\t<div class=\"bdt-subtitle\" data-reveal=\"reveal-active\">\n\t\t\t\t\t\t\tOOAD\t\t\t\t\t\t<\/div>\n\t\t\t\t\t\n\t\t\t\t\t\t\t\t\t\t\t<h1 class=\"bdt-title\" data-reveal=\"reveal-active\">\n\t\t\t\t\t\t\t\t\t\t\t\t\t\t\t<span class=\"frist-word\">Quer\u00e9taro<\/span> \t\t\t\t\t\t\t\t\t\t\t\t\t\t<\/h1>\n\t\t\t\t\t\t\t\t\t<\/div>\n\t\t\t\t\t\t\t<\/div>\n\n        \n            <div class=\"swiper-slide bdt-item\">\n\t\t\t\t<div class=\"bdt-image-wrap\">\n\t\t\t\t\t<img loading=\"lazy\" decoding=\"async\" width=\"1280\" height=\"960\" src=\"https:\/\/fideimss.org.mx\/inicio\/wp-content\/uploads\/2025\/05\/Tamaulipas.jpeg\" class=\"bdt-img\" alt=\"Tamaulipas\" srcset=\"https:\/\/fideimss.org.mx\/inicio\/wp-content\/uploads\/2025\/05\/Tamaulipas.jpeg 1280w, https:\/\/fideimss.org.mx\/inicio\/wp-content\/uploads\/2025\/05\/Tamaulipas-300x225.jpeg 300w, https:\/\/fideimss.org.mx\/inicio\/wp-content\/uploads\/2025\/05\/Tamaulipas-1024x768.jpeg 1024w, https:\/\/fideimss.org.mx\/inicio\/wp-content\/uploads\/2025\/05\/Tamaulipas-768x576.jpeg 768w, https:\/\/fideimss.org.mx\/inicio\/wp-content\/uploads\/2025\/05\/Tamaulipas-200x150.jpeg 200w\" sizes=\"(max-width: 1280px) 100vw, 1280px\" \/>\t\t\t\t<\/div>\n\t\t\t\t<div class=\"bdt-content-wrap\">\n\n\t\t\t\t\t\t\t\t\t\t<div class=\"bdt-subtitle\" data-reveal=\"reveal-active\">\n\t\t\t\t\t\t\tOOAD\t\t\t\t\t\t<\/div>\n\t\t\t\t\t\n\t\t\t\t\t\t\t\t\t\t\t<h1 class=\"bdt-title\" data-reveal=\"reveal-active\">\n\t\t\t\t\t\t\t\t\t\t\t\t\t\t\t<span class=\"frist-word\">Tamaulipas<\/span> \t\t\t\t\t\t\t\t\t\t\t\t\t\t<\/h1>\n\t\t\t\t\t\t\t\t\t<\/div>\n\t\t\t\t\t\t\t<\/div>\n\n        \n            <div class=\"swiper-slide bdt-item\">\n\t\t\t\t<div class=\"bdt-image-wrap\">\n\t\t\t\t\t<img loading=\"lazy\" decoding=\"async\" width=\"1600\" height=\"900\" src=\"https:\/\/fideimss.org.mx\/inicio\/wp-content\/uploads\/2025\/05\/Tijuana.jpeg\" class=\"bdt-img\" alt=\"Tijuana\" srcset=\"https:\/\/fideimss.org.mx\/inicio\/wp-content\/uploads\/2025\/05\/Tijuana.jpeg 1600w, https:\/\/fideimss.org.mx\/inicio\/wp-content\/uploads\/2025\/05\/Tijuana-300x169.jpeg 300w, https:\/\/fideimss.org.mx\/inicio\/wp-content\/uploads\/2025\/05\/Tijuana-1024x576.jpeg 1024w, https:\/\/fideimss.org.mx\/inicio\/wp-content\/uploads\/2025\/05\/Tijuana-768x432.jpeg 768w, https:\/\/fideimss.org.mx\/inicio\/wp-content\/uploads\/2025\/05\/Tijuana-1536x864.jpeg 1536w, https:\/\/fideimss.org.mx\/inicio\/wp-content\/uploads\/2025\/05\/Tijuana-200x113.jpeg 200w\" sizes=\"(max-width: 1600px) 100vw, 1600px\" \/>\t\t\t\t<\/div>\n\t\t\t\t<div class=\"bdt-content-wrap\">\n\n\t\t\t\t\t\t\t\t\t\t<div class=\"bdt-subtitle\" data-reveal=\"reveal-active\">\n\t\t\t\t\t\t\tOOAD\t\t\t\t\t\t<\/div>\n\t\t\t\t\t\n\t\t\t\t\t\t\t\t\t\t\t<h1 class=\"bdt-title\" data-reveal=\"reveal-active\">\n\t\t\t\t\t\t\t\t\t\t\t\t\t\t\t<span class=\"frist-word\">Tijuana<\/span> \t\t\t\t\t\t\t\t\t\t\t\t\t\t<\/h1>\n\t\t\t\t\t\t\t\t\t<\/div>\n\t\t\t\t\t\t\t<\/div>\n\n        \t\t\t\t<\/div>\n\t\t\t<\/div>\n\t\t\t\n\t\t\t\t\t\t\t\t\t\n\t\t\t<div class=\"swiper-pagination reveal-muted\"><\/div>\n\t\t\t<!-- <div class=\"swiper-scrollbar\"><\/div> -->\n\t\t\t\n\t\t\t\t\t\t\t\t\n\t\t\t\t\t\t<div class=\"bdt-arrows-center bdt-navigation-arrows bdt-position-z-index reveal-muted\">\n\t\t\t\t<div class=\"bdt-navigation-prev bdt-slidenav\"><i class=\"ps-wi-arrow-left-5\"><\/i><\/div>\n\t\t\t\t<div class=\"bdt-navigation-next bdt-slidenav\"><i class=\"ps-wi-arrow-right-5\"><\/i><\/div>\n\t\t\t<\/div>\n\t\t\t\n\t\t\t\t<\/div>\n\t\t<\/div>\n\n\t\t\t\t\t\t<\/div>\n\t\t\t\t<\/div>\n\t\t\t\t\t<\/div>\n\t\t<\/div>\n\t\t\t\t\t<\/div>\n\t\t<\/section>\n\t\t\t\t<\/div>\n\t\t","protected":false},"excerpt":{"rendered":"<p>El pasado s\u00e1bado se vivi\u00f3 una nueva jornada de la iniciativa nacional \u201cActivaci\u00f3n F\u00edsica en Parques y Jardines\u201d, correspondiente a la semana 20 del calendario 2025. Esta estrategia, que forma parte de los esfuerzos permanentes del Instituto Mexicano del Seguro Social (IMSS), fue coordinada por la Direcci\u00f3n T\u00e9cnica del Fideicomiso para el Desarrollo del Deporte [&hellip;]<\/p>\n","protected":false},"author":1,"featured_media":3141,"comment_status":"open","ping_status":"open","sticky":false,"template":"","format":"standard","meta":{"_jetpack_memberships_contains_paid_content":false,"footnotes":""},"categories":[1],"tags":[17,18,14,19,34,21,24,33,32,22],"class_list":["post-3140","post","type-post","status-publish","format-standard","has-post-thumbnail","hentry","category-sin-categoria","tag-actividad","tag-comunidades","tag-deporte","tag-deportivas","tag-familia","tag-imss","tag-inclusivo","tag-jardines","tag-parques","tag-salud"],"jetpack_featured_media_url":"https:\/\/fideimss.org.mx\/inicio\/wp-content\/uploads\/2025\/05\/semana20_mayo.jpg","jetpack_sharing_enabled":true,"_links":{"self":[{"href":"https:\/\/fideimss.org.mx\/inicio\/wp-json\/wp\/v2\/posts\/3140","targetHints":{"allow":["GET"]}}],"collection":[{"href":"https:\/\/fideimss.org.mx\/inicio\/wp-json\/wp\/v2\/posts"}],"about":[{"href":"https:\/\/fideimss.org.mx\/inicio\/wp-json\/wp\/v2\/types\/post"}],"author":[{"embeddable":true,"href":"https:\/\/fideimss.org.mx\/inicio\/wp-json\/wp\/v2\/users\/1"}],"replies":[{"embeddable":true,"href":"https:\/\/fideimss.org.mx\/inicio\/wp-json\/wp\/v2\/comments?post=3140"}],"version-history":[{"count":4,"href":"https:\/\/fideimss.org.mx\/inicio\/wp-json\/wp\/v2\/posts\/3140\/revisions"}],"predecessor-version":[{"id":3153,"href":"https:\/\/fideimss.org.mx\/inicio\/wp-json\/wp\/v2\/posts\/3140\/revisions\/3153"}],"wp:featuredmedia":[{"embeddable":true,"href":"https:\/\/fideimss.org.mx\/inicio\/wp-json\/wp\/v2\/media\/3141"}],"wp:attachment":[{"href":"https:\/\/fideimss.org.mx\/inicio\/wp-json\/wp\/v2\/media?parent=3140"}],"wp:term":[{"taxonomy":"category","embeddable":true,"href":"https:\/\/fideimss.org.mx\/inicio\/wp-json\/wp\/v2\/categories?post=3140"},{"taxonomy":"post_tag","embeddable":true,"href":"https:\/\/fideimss.org.mx\/inicio\/wp-json\/wp\/v2\/tags?post=3140"}],"curies":[{"name":"wp","href":"https:\/\/api.w.org\/{rel}","templated":true}]}}